{"id":2630,"date":"2010-03-26T00:27:57","date_gmt":"2010-03-25T23:27:57","guid":{"rendered":"http:\/\/www.coaster.de\/wp\/?p=2630"},"modified":"2010-03-26T00:27:57","modified_gmt":"2010-03-25T23:27:57","slug":"was-nervt-2","status":"publish","type":"post","link":"https:\/\/www.gruen-wald.de\/wordpress\/privates\/was-nervt-2\/","title":{"rendered":"Was nervt&#8230;"},"content":{"rendered":"<p>Tagelang mit gesplittertem Brillenglas, schlechter Sicht und Kopfschmerzen durch die Welt zu laufen, daf\u00fcr dann extra einen speziellen Optiker in Deutschland aufzusuchen, der meine recht exotischen Augenwerte auch mal wirklich auf Lager hat, um m\u00f6glichst schnell eine Ersatzbrille zu bekommen, nach 3 Tagen dann festzustellen, dass die versprochene Lieferung der Brille per Post in zugesagten 3 Tagen nicht statt gefunden hat, mit kaputter Brille weiter auf eine Messe zu fahren in der Hoffnung, nach der Messe endlich wieder ordentlich und ohne Anstrengung sehen zu k\u00f6nnen, nur um festzustellen, dass die Lieferung immer noch nicht da ist, den Optiker anschreiben mit Frage auf Verbleib der angefertigten Brille, versichert bekommen, dass sie bereits vor 10 Tagen auf die Reise ging mit Anweisung, die abgegebene Sendung am Postamt aufzugabeln, festzustellen, dass die Sendung auch am Postamt weiterhin nicht vorliegt, dann endlich die Best\u00e4tigung zu erhalten, dass besagtes Brillenpaket mit den exotischsten Werten Deutschlands wirklich gestohlen wurde, vom Optiker eine Ersatzlieferung anfordern, der wiederum nat\u00fcrlich nun selbst die gew\u00fcnschten Werte nicht mehr auf Lager hat, zu h\u00f6ren, dass die ben\u00f6tigten Gl\u00e4ser nun eine Lieferzeit von weiteren zwei bis drei Wochen haben und sich darauf einstellen, dass man auch bis Ende April wahrscheinlich weiterhin mit kaputten Gl\u00e4sern und Kopfweh durch die Lande l\u00e4uft.<\/p>\n","protected":false},"excerpt":{"rendered":"<p>Tagelang mit gesplittertem Brillenglas, schlechter Sicht und Kopfschmerzen durch die Welt zu laufen, daf\u00fcr dann extra einen speziellen Optiker in&hellip;<\/p>\n","protected":false},"author":1,"featured_media":0,"comment_status":"open","ping_status":"open","sticky":false,"template":"","format":"standard","meta":{"footnotes":"","_links_to":"","_links_to_target":""},"categories":[15],"tags":[257,3700],"class_list":["post-2630","post","type-post","status-publish","format-standard","hentry","category-privates","tag-anschreiben","tag-optiker"],"_links":{"self":[{"href":"https:\/\/www.gruen-wald.de\/wordpress\/wp-json\/wp\/v2\/posts\/2630"}],"collection":[{"href":"https:\/\/www.gruen-wald.de\/wordpress\/wp-json\/wp\/v2\/posts"}],"about":[{"href":"https:\/\/www.gruen-wald.de\/wordpress\/wp-json\/wp\/v2\/types\/post"}],"author":[{"embeddable":true,"href":"https:\/\/www.gruen-wald.de\/wordpress\/wp-json\/wp\/v2\/users\/1"}],"replies":[{"embeddable":true,"href":"https:\/\/www.gruen-wald.de\/wordpress\/wp-json\/wp\/v2\/comments?post=2630"}],"version-history":[{"count":0,"href":"https:\/\/www.gruen-wald.de\/wordpress\/wp-json\/wp\/v2\/posts\/2630\/revisions"}],"wp:attachment":[{"href":"https:\/\/www.gruen-wald.de\/wordpress\/wp-json\/wp\/v2\/media?parent=2630"}],"wp:term":[{"taxonomy":"category","embeddable":true,"href":"https:\/\/www.gruen-wald.de\/wordpress\/wp-json\/wp\/v2\/categories?post=2630"},{"taxonomy":"post_tag","embeddable":true,"href":"https:\/\/www.gruen-wald.de\/wordpress\/wp-json\/wp\/v2\/tags?post=2630"}],"curies":[{"name":"wp","href":"https:\/\/api.w.org\/{rel}","templated":true}]}}