{"id":25526,"date":"2013-03-29T18:32:17","date_gmt":"2013-03-29T17:32:17","guid":{"rendered":"http:\/\/blog.coaster.de\/wp\/?p=25526"},"modified":"2013-03-29T18:32:17","modified_gmt":"2013-03-29T17:32:17","slug":"jetzt-das-madchen-das-durch-die-zeit-sprang","status":"publish","type":"post","link":"https:\/\/www.gruen-wald.de\/wordpress\/notiz\/jetzt-das-madchen-das-durch-die-zeit-sprang\/","title":{"rendered":"Jetzt: Das M\u00e4dchen das durch die Zeit sprang"},"content":{"rendered":"<p><img loading=\"lazy\" decoding=\"async\" class=\"alignleft\" title=\"girl\" src=\"http:\/\/blog.coaster.de\/wp\/wp-content\/uploads\/girl-who-leapt-through-time-7598555.jpg\" alt=\"\" width=\"250\" height=\"200\" \/><strong>Das M\u00e4dchen das durch die Zeit sprang<\/strong> z\u00e4hlt f\u00fcr mich immer noch zu einem der besten Animes \u00fcberhaupt, was vor allen Dingen der wirklich genial skizzierten Charaktere und sehr gut ausgearbeiteten Story geschuldet ist. Wer nur Ansatzweise ein Faible f\u00fcr entweder Zeichentrickfilme, Zeitreise-Abenteuer oder verkitschte Soundtracks hat (oder gleich alles zusammen) sollte den Film nicht verpassen. Und wer&#8217;s jetzt immer noch nicht glaubt, kann sich \u00a0mal die Bewertungen bei <a href=\"http:\/\/www.imdb.com\/title\/tt0808506\/usercomments\">imdb.com<\/a> angucken.<\/p>\n<p style=\"text-align: center;\">\n<p>Zu sehen heute.<br \/>\nUm 21:50 Uhr.<br \/>\nAuf <a href=\"http:\/\/www.tvinfo.de\/fernsehprogramm\/sendung\/193716727_das_maedchen_das_durch_die_zeit_sprang\">SuperRTL<\/a>.<\/p>\n","protected":false},"excerpt":{"rendered":"<p>Das M\u00e4dchen das durch die Zeit sprang z\u00e4hlt f\u00fcr mich immer noch zu einem der besten Animes \u00fcberhaupt, was vor&hellip;<\/p>\n","protected":false},"author":1,"featured_media":0,"comment_status":"open","ping_status":"open","sticky":false,"template":"","format":"standard","meta":{"footnotes":"","_links_to":"","_links_to_target":""},"categories":[13],"tags":[],"class_list":["post-25526","post","type-post","status-publish","format-standard","hentry","category-notiz"],"_links":{"self":[{"href":"https:\/\/www.gruen-wald.de\/wordpress\/wp-json\/wp\/v2\/posts\/25526","targetHints":{"allow":["GET"]}}],"collection":[{"href":"https:\/\/www.gruen-wald.de\/wordpress\/wp-json\/wp\/v2\/posts"}],"about":[{"href":"https:\/\/www.gruen-wald.de\/wordpress\/wp-json\/wp\/v2\/types\/post"}],"author":[{"embeddable":true,"href":"https:\/\/www.gruen-wald.de\/wordpress\/wp-json\/wp\/v2\/users\/1"}],"replies":[{"embeddable":true,"href":"https:\/\/www.gruen-wald.de\/wordpress\/wp-json\/wp\/v2\/comments?post=25526"}],"version-history":[{"count":0,"href":"https:\/\/www.gruen-wald.de\/wordpress\/wp-json\/wp\/v2\/posts\/25526\/revisions"}],"wp:attachment":[{"href":"https:\/\/www.gruen-wald.de\/wordpress\/wp-json\/wp\/v2\/media?parent=25526"}],"wp:term":[{"taxonomy":"category","embeddable":true,"href":"https:\/\/www.gruen-wald.de\/wordpress\/wp-json\/wp\/v2\/categories?post=25526"},{"taxonomy":"post_tag","embeddable":true,"href":"https:\/\/www.gruen-wald.de\/wordpress\/wp-json\/wp\/v2\/tags?post=25526"}],"curies":[{"name":"wp","href":"https:\/\/api.w.org\/{rel}","templated":true}]}}