{"id":25512,"date":"2013-03-28T00:01:02","date_gmt":"2013-03-27T23:01:02","guid":{"rendered":"http:\/\/blog.coaster.de\/wp\/?p=25512"},"modified":"2013-03-28T00:01:02","modified_gmt":"2013-03-27T23:01:02","slug":"riesenhutte","status":"publish","type":"post","link":"https:\/\/www.gruen-wald.de\/wordpress\/notiz\/riesenhutte\/","title":{"rendered":"Riesenh\u00fctte"},"content":{"rendered":"<p>Pers\u00f6nlicher Abschluss der Rodelsaison 2013 von der Riesenh\u00fctte im Hochries-Gebiet&#8230;<\/p>\n<p style=\"text-align: center;\"><iframe loading=\"lazy\" src=\"http:\/\/www.youtube.com\/embed\/guS_H8s-X3I?rel=0\" frameborder=\"0\" width=\"560\" height=\"315\"><\/iframe><\/p>\n<p>&nbsp;<\/p>\n","protected":false},"excerpt":{"rendered":"<p>Pers\u00f6nlicher Abschluss der Rodelsaison 2013 von der Riesenh\u00fctte im Hochries-Gebiet&#8230; &nbsp;<\/p>\n","protected":false},"author":1,"featured_media":0,"comment_status":"open","ping_status":"open","sticky":false,"template":"","format":"standard","meta":{"footnotes":"","_links_to":"","_links_to_target":""},"categories":[13],"tags":[],"class_list":["post-25512","post","type-post","status-publish","format-standard","hentry","category-notiz"],"_links":{"self":[{"href":"https:\/\/www.gruen-wald.de\/wordpress\/wp-json\/wp\/v2\/posts\/25512","targetHints":{"allow":["GET"]}}],"collection":[{"href":"https:\/\/www.gruen-wald.de\/wordpress\/wp-json\/wp\/v2\/posts"}],"about":[{"href":"https:\/\/www.gruen-wald.de\/wordpress\/wp-json\/wp\/v2\/types\/post"}],"author":[{"embeddable":true,"href":"https:\/\/www.gruen-wald.de\/wordpress\/wp-json\/wp\/v2\/users\/1"}],"replies":[{"embeddable":true,"href":"https:\/\/www.gruen-wald.de\/wordpress\/wp-json\/wp\/v2\/comments?post=25512"}],"version-history":[{"count":0,"href":"https:\/\/www.gruen-wald.de\/wordpress\/wp-json\/wp\/v2\/posts\/25512\/revisions"}],"wp:attachment":[{"href":"https:\/\/www.gruen-wald.de\/wordpress\/wp-json\/wp\/v2\/media?parent=25512"}],"wp:term":[{"taxonomy":"category","embeddable":true,"href":"https:\/\/www.gruen-wald.de\/wordpress\/wp-json\/wp\/v2\/categories?post=25512"},{"taxonomy":"post_tag","embeddable":true,"href":"https:\/\/www.gruen-wald.de\/wordpress\/wp-json\/wp\/v2\/tags?post=25512"}],"curies":[{"name":"wp","href":"https:\/\/api.w.org\/{rel}","templated":true}]}}