{"id":25086,"date":"2013-02-25T00:01:25","date_gmt":"2013-02-24T23:01:25","guid":{"rendered":"http:\/\/blog.coaster.de\/wp\/?p=25086"},"modified":"2013-02-25T00:01:25","modified_gmt":"2013-02-24T23:01:25","slug":"die-pirate-bay-story","status":"publish","type":"post","link":"https:\/\/www.gruen-wald.de\/wordpress\/internet-co\/die-pirate-bay-story\/","title":{"rendered":"Die &#8222;Pirate Bay&#8220;-Story"},"content":{"rendered":"<p>Das Gerichtsverfahren von <strong>The Pirate Bay<\/strong>\u00a0ist ein zentrales Ereignis in der Internethistorie. Nicht nur hat es Bewegungen wie die Piratenpartei hervorgerufen, ganz generell ist zum etwa gleichen Zeitraum ein Bewusstsein der Bev\u00f6lkerung f\u00fcr die Gefahren von Internetzensur und Internetkontrolle erwacht. Diese Dokumentation zeigt einige wirklich tolle Eindr\u00fccke \u00fcber die Macher von The Pirate Bay, ihre Gerichtsverhandlung, ihre Ansichten und ihre (Un-)Organisation beim Betrieb der Seite. Es ist ein Paradebeispiel davon, was passiert, wenn zwei v\u00f6llig unterschiedliche Welten, Sichtweisen und Kulturen aufeinander treffen und illustriert mittendrin auch noch den Generationenkonflikt, den das Thema herauf beschw\u00f6rt. Ganz nebenbei ist sie auch noch wirklich toll abgelichtet.<\/p>\n<p style=\"text-align: center;\">Einfach mal den Play-Button dr\u00fccken:<\/p>\n<p><iframe loading=\"lazy\" src=\"http:\/\/www.youtube.com\/embed\/qZ5sDr7-Q4c?rel=0&#038;cc_load_policy=1\" frameborder=\"0\" width=\"560\" height=\"315\"><\/iframe><\/p>\n<p>Mich freut es ganz besonders, dass es dazu auch deutsche Untertitel gibt &#8211; die Details waren im schwedischen Fernsehen ohne Kenntniss der Sprache damals wirklich nicht leicht zu verfolgen.<\/p>\n","protected":false},"excerpt":{"rendered":"<p>Das Gerichtsverfahren von The Pirate Bay\u00a0ist ein zentrales Ereignis in der Internethistorie. Nicht nur hat es Bewegungen wie die Piratenpartei&hellip;<\/p>\n","protected":false},"author":1,"featured_media":0,"comment_status":"open","ping_status":"open","sticky":false,"template":"","format":"standard","meta":{"footnotes":"","_links_to":"","_links_to_target":""},"categories":[11],"tags":[],"class_list":["post-25086","post","type-post","status-publish","format-standard","hentry","category-internet-co"],"_links":{"self":[{"href":"https:\/\/www.gruen-wald.de\/wordpress\/wp-json\/wp\/v2\/posts\/25086","targetHints":{"allow":["GET"]}}],"collection":[{"href":"https:\/\/www.gruen-wald.de\/wordpress\/wp-json\/wp\/v2\/posts"}],"about":[{"href":"https:\/\/www.gruen-wald.de\/wordpress\/wp-json\/wp\/v2\/types\/post"}],"author":[{"embeddable":true,"href":"https:\/\/www.gruen-wald.de\/wordpress\/wp-json\/wp\/v2\/users\/1"}],"replies":[{"embeddable":true,"href":"https:\/\/www.gruen-wald.de\/wordpress\/wp-json\/wp\/v2\/comments?post=25086"}],"version-history":[{"count":0,"href":"https:\/\/www.gruen-wald.de\/wordpress\/wp-json\/wp\/v2\/posts\/25086\/revisions"}],"wp:attachment":[{"href":"https:\/\/www.gruen-wald.de\/wordpress\/wp-json\/wp\/v2\/media?parent=25086"}],"wp:term":[{"taxonomy":"category","embeddable":true,"href":"https:\/\/www.gruen-wald.de\/wordpress\/wp-json\/wp\/v2\/categories?post=25086"},{"taxonomy":"post_tag","embeddable":true,"href":"https:\/\/www.gruen-wald.de\/wordpress\/wp-json\/wp\/v2\/tags?post=25086"}],"curies":[{"name":"wp","href":"https:\/\/api.w.org\/{rel}","templated":true}]}}