{"id":24991,"date":"2013-02-17T01:01:23","date_gmt":"2013-02-17T00:01:23","guid":{"rendered":"http:\/\/blog.coaster.de\/wp\/?p=24991"},"modified":"2013-02-17T01:01:23","modified_gmt":"2013-02-17T00:01:23","slug":"totaler-treff-tag","status":"publish","type":"post","link":"https:\/\/www.gruen-wald.de\/wordpress\/privates\/totaler-treff-tag\/","title":{"rendered":"Totaler-Treff-Tag"},"content":{"rendered":"<p><a class=\"kleinlink\" href=\"http:\/\/www.adventure-treff.de\/images\/fotos\/dep2009_25b.jpg\"><img decoding=\"async\" style=\"margin: 0px 0px 10px 15px;\" src=\"http:\/\/blog.coaster.de\/wp\/wp-content\/uploads\/2012\/12\/201112062.jpg\" alt=\"\" align=\"right\" border=\"0\" \/><\/a>&#8230; ja, ich mag Alliterationen.<\/p>\n<p>Heute endlich mal den lang \u00fcberf\u00e4lligen Tag f\u00fcr Adventure-Treff.de eingeschoben. Screenshots, Mitarbeiterseite und SpieleDB aktualisiert, Forenbeitr\u00e4ge beantwortet, Facebook- &amp; Twitter-Tools gefixt, Youtube-Kanal und Oneload repariert, Mitgliederversammlung vorbereitet, Vereinsleben-Ideen in den Raum geworfen, Vereinsliste aktualisiert &#8211; ja, Zeit wurde es! Immer diese vielen Hobbyprojekte nebenbei. Was habe ich mir nur dabei gedacht. Und dann wieder, m\u00f6chte ich garnicht ohne diesen sein&#8230;<\/p>\n<p>Und ich wei\u00df garnicht warum, aber irgendwie freue ich mich gerade am meisten auf den Adventure-Treff-Fr\u00fchjahres-Kalender. Jan, wehe du bist nicht gerade flei\u00dfig am vorbereiten. \ud83d\ude09 Passend dazu ein &#8222;Bild&#8220; aus den guten alten Tagen.<\/p>\n","protected":false},"excerpt":{"rendered":"<p>&#8230; ja, ich mag Alliterationen. Heute endlich mal den lang \u00fcberf\u00e4lligen Tag f\u00fcr Adventure-Treff.de eingeschoben. Screenshots, Mitarbeiterseite und SpieleDB aktualisiert,&hellip;<\/p>\n","protected":false},"author":1,"featured_media":0,"comment_status":"open","ping_status":"open","sticky":false,"template":"","format":"standard","meta":{"footnotes":"","_links_to":"","_links_to_target":""},"categories":[15],"tags":[],"class_list":["post-24991","post","type-post","status-publish","format-standard","hentry","category-privates"],"_links":{"self":[{"href":"https:\/\/www.gruen-wald.de\/wordpress\/wp-json\/wp\/v2\/posts\/24991"}],"collection":[{"href":"https:\/\/www.gruen-wald.de\/wordpress\/wp-json\/wp\/v2\/posts"}],"about":[{"href":"https:\/\/www.gruen-wald.de\/wordpress\/wp-json\/wp\/v2\/types\/post"}],"author":[{"embeddable":true,"href":"https:\/\/www.gruen-wald.de\/wordpress\/wp-json\/wp\/v2\/users\/1"}],"replies":[{"embeddable":true,"href":"https:\/\/www.gruen-wald.de\/wordpress\/wp-json\/wp\/v2\/comments?post=24991"}],"version-history":[{"count":0,"href":"https:\/\/www.gruen-wald.de\/wordpress\/wp-json\/wp\/v2\/posts\/24991\/revisions"}],"wp:attachment":[{"href":"https:\/\/www.gruen-wald.de\/wordpress\/wp-json\/wp\/v2\/media?parent=24991"}],"wp:term":[{"taxonomy":"category","embeddable":true,"href":"https:\/\/www.gruen-wald.de\/wordpress\/wp-json\/wp\/v2\/categories?post=24991"},{"taxonomy":"post_tag","embeddable":true,"href":"https:\/\/www.gruen-wald.de\/wordpress\/wp-json\/wp\/v2\/tags?post=24991"}],"curies":[{"name":"wp","href":"https:\/\/api.w.org\/{rel}","templated":true}]}}