{"id":2489,"date":"2010-03-05T23:12:50","date_gmt":"2010-03-05T22:12:50","guid":{"rendered":"http:\/\/www.coaster.de\/wp\/?p=2489"},"modified":"2010-03-05T23:12:50","modified_gmt":"2010-03-05T22:12:50","slug":"eu-conspiracy-week-vii-die-eu-nwo-theorie","status":"publish","type":"post","link":"https:\/\/www.gruen-wald.de\/wordpress\/bildung\/eu-conspiracy-week-vii-die-eu-nwo-theorie\/","title":{"rendered":"EU-Conspiracy Week (VII): Die EU-NWO-Theorie"},"content":{"rendered":"<p><em><img loading=\"lazy\" decoding=\"async\" class=\"alignleft\" title=\"eu\" src=\"http:\/\/img651.imageshack.us\/img651\/3195\/euflag.jpg\" alt=\"\" width=\"50\" height=\"40\" \/>Viele Verschw\u00f6rungstheoretiker glauben, die Europ\u00e4ische Union sei mit Nichten eine demokratische Vereinigung, die in erster Linie die Abschaffung von Grenzen und die Absicherung gegen\u00fcber Krieg auf europ\u00e4ischen Boden durch partnerschaftlichen Zusammenschlu\u00df zum Ziel hat, sondern in Wahrheit die Einf\u00fchrung einer faschistischen, zentralistischen Diktatur nach Sowjetunion-Vorbild sei. \ufeff\ufeffLangfristig wolle die gleiche Elite diese Gleichschaltung aller L\u00e4nder und Abschaffung derer Souver\u00e4nit\u00e4t auch gegen den Willen der Bev\u00f6lkerung herbeif\u00fchren, eine EU-Armee aufbauen und gleichzeitig die kompletten demokratischen Strukturen m\u00f6glichst gro\u00dffl\u00e4chig abschaffen, damit der Wille des Volkes nicht mehr beachtet werden m\u00fcsste. Dies k\u00e4me schlie\u00dflich der Tyrannei gleich &#8211; sie w\u00fcrde der Bev\u00f6lkerung nur anders verkauft.<\/em><\/p>\n<p>Okay, jetzt wirds ein bischen d\u00fcsterer als sonst: Die Verschw\u00f6rungstheorie, dass die Europ\u00e4ische Union in Wirklichkeit die schleichende Einf\u00fchrung von Diktatur ist, existiert schon relativ lange. Die Verschw\u00f6rungstheoretiker gehen davon aus, dass es sich in Wirklichkeit nur um einen weiteren Schritt zur Einf\u00fchrung der sogenannten \u201eNew World Order\u201c, der \u201eNeuen Weltordnung\u201c handelt. An der Spitze w\u00fcrde dann eine Weltregierung aus einigen wenigen Leuten\u00a0 und Bankiers stehen, welche diesen \u201eCoup\u201c \u00fcber Jahrzehnte hinweg geplant haben. Der einzige Unterschied zu bisherigen Diktaturen sei demnach nur in der Art der sehr langsamen und schleichenden Durchf\u00fchrung \u00fcber einen sehr langen Zeitraum und das Aufbauen einer Infrastruktur, bei der zum gegebenen Zeitpunkt nur noch den Hebel \u00a0umgelegt werden muss, damit alles zusammenspiele. NWO-Gegner sehen sich seit einigen Jahren in ihrer Wahrnehmung best\u00e4tigt: Die Einf\u00fchrung von RFID-Chips in P\u00e4ssen, die Installation eines \u00dcberwachungsstaates, die Einf\u00fchrung von Vorratsdatenspeicherung und das Durchboxen einer einheitlichen W\u00e4hrung und eines \u201ezentralistischen\u201c Europas, das muss man diesen Leuten zugestehen, haben viele von Ihnen bereits Mitte der 90er Jahre vorausgesagt.<\/p>\n<p>Wirklichen Auftrieb bekam sie aber dann wohl vor rund 4 Jahren, als die relativ popul\u00e4re Dokumentation Zeitgeist von Peter Joseph wie ein Lauffeuer durch das Internet geisterte. Im dritten Teil des Films mit dem Titel \u201eM\u00e4nner hinter dem Spiegel\u201c stellt Joseph eben jene Theorie der neuen Weltregierung gemeinsam mit der EU auf. Hier der entsprechende Ausschnitt aus der Dokumentation:<\/p>\n<p style=\"text-align: center;\"><a href=\"http:\/\/www.youtube.com\/v\/vuBo4E77ZXo\"><img loading=\"lazy\" decoding=\"async\" class=\"aligncenter\" title=\"video\" src=\"http:\/\/img708.imageshack.us\/img708\/2895\/fdsfb.gif\" alt=\"\" width=\"480\" height=\"288\" \/><\/a><\/p>\n<p>\u201cAlarmiert\u201d von dieser dunklen Prognose haben zahlreiche Verschw\u00f6rungstheoretiker aus Europa verst\u00e4rkt auch auf die Aussagen ihrer europ\u00e4ischen Kollegen Acht gegeben. Hier sind ein paar Beispiele:<\/p>\n<ul>\n<li><a href=\"http:\/\/www.youtube.com\/v\/U23CwDvJeZQ\">Premierminister Gordon Brown: \u201eIch denke, die Neue Weltordnung wird nun [wirklich] entstehen.\u201c<\/a><\/li>\n<li><a href=\"http:\/\/www.youtube.com\/v\/a7D21rPpBrk\">Frankreich-Pr\u00e4sident Sarkozy: \u201cDer Pr\u00e4sident der Vereinigten Staaten und Europa haben vorgeschlagen [\u2026] auf eine neue Weltregierung zu blicken.\u201c<br \/>\nPr\u00e4sident der Europ\u00e4ischen Kommission Barroso \u201cDas Ziel muss sein, eine globale Finanzgewalt einzuf\u00fchren.\u201d<\/a><\/li>\n<li><a href=\"http:\/\/www.youtube.com\/v\/hXWeOa-FuyM\">EU-President Rompuy: \u201eDies war das erste Jahr einer Weltregierung.\u201d<\/a><\/li>\n<\/ul>\n<p>Verschw\u00f6rungstheoretiker gehen fest davon aus, dass solche Reden nicht umsonst geschwungen werden, sondern dass die Idee, einer Weltregierung langsam aber stetig in die K\u00f6pfer der Abgeordneten und sp\u00e4ter auch der Bev\u00f6lkerung gepflanzt wird.<\/p>\n<p>In 2008 erfuhr dann die EU-Skepsis durch den irischen Zusammenschnitt <a href=\"http:\/\/video.google.de\/videoplay?docid=-4291770489472554607\">End of Nations<\/a> einen weiteren Zuspruch bei der EU-Skepsis und f\u00fchrte dazu, dass immer mehr Gegner paradoxerweise direkt ins EU-Parlament gew\u00e4hlt werden. Die bereits geposteten Videos von Nigel Farage sind hier ein gutes Beispiel. Selbiger hatte sich \u00fcbrigens nach der Attacke von van Rampuy doch noch entschuldigt: Bei allen Bankangestellten. Gleichzeitig kommt er mit seiner Kritik mit einem blauen Auge und einer Strafe von 3000 \u20ac davon. Der Spiegel hatte als einer der wenigen deutschen Medien auf den Vorfall reagiert und Farage als <a href=\"http:\/\/www.spiegel.de\/politik\/ausland\/0,1518,681372,00.html\">Rechtspopulisten<\/a> dargestellt, obwohl dieser jeden Rassismus- und Faschismusvorwurf bestreitet.<\/p>\n<p>Schleichende Einf\u00fchrung einer Weltregierung durch zunehmende Gleichschaltung ohne Befragung der Bev\u00f6lkerung, einfach nur eine b\u00fcrokratische Politikkrake aus Br\u00fcssel oder notwendiger Friedensgarant \u2013 your time to decide.<\/p>\n<p style=\"text-align: center;\">\n<p style=\"text-align: center;\"><object classid=\"clsid:d27cdb6e-ae6d-11cf-96b8-444553540000\" width=\"480\" height=\"385\" codebase=\"http:\/\/download.macromedia.com\/pub\/shockwave\/cabs\/flash\/swflash.cab#version=6,0,40,0\"><param name=\"allowFullScreen\" value=\"true\" \/><param name=\"allowscriptaccess\" value=\"always\" \/><param name=\"src\" value=\"http:\/\/www.youtube.com\/v\/uYPlDQwaN0c&amp;hl=de_DE&amp;fs=1&amp;\" \/><param name=\"allowfullscreen\" value=\"true\" \/><embed type=\"application\/x-shockwave-flash\" width=\"480\" height=\"385\" src=\"http:\/\/www.youtube.com\/v\/uYPlDQwaN0c&amp;hl=de_DE&amp;fs=1&amp;\" allowscriptaccess=\"always\" allowfullscreen=\"true\"><\/embed><\/object><br \/>\n<a href=\"http:\/\/www.youtube.com\/v\/uYPlDQwaN0c\"> Video: Youtube<\/a><\/p>\n","protected":false},"excerpt":{"rendered":"<p>Viele Verschw\u00f6rungstheoretiker glauben, die Europ\u00e4ische Union sei mit Nichten eine demokratische Vereinigung, die in erster Linie die Abschaffung von Grenzen&hellip;<\/p>\n","protected":false},"author":1,"featured_media":0,"comment_status":"open","ping_status":"open","sticky":false,"template":"","format":"standard","meta":{"footnotes":"","_links_to":"","_links_to_target":""},"categories":[3],"tags":[977,1473,3557,3655,4176],"class_list":["post-2489","post","type-post","status-publish","format-standard","hentry","category-bildung","tag-conspiracy","tag-elite","tag-new-world-order","tag-nwo","tag-rfid-chips"],"_links":{"self":[{"href":"https:\/\/www.gruen-wald.de\/wordpress\/wp-json\/wp\/v2\/posts\/2489","targetHints":{"allow":["GET"]}}],"collection":[{"href":"https:\/\/www.gruen-wald.de\/wordpress\/wp-json\/wp\/v2\/posts"}],"about":[{"href":"https:\/\/www.gruen-wald.de\/wordpress\/wp-json\/wp\/v2\/types\/post"}],"author":[{"embeddable":true,"href":"https:\/\/www.gruen-wald.de\/wordpress\/wp-json\/wp\/v2\/users\/1"}],"replies":[{"embeddable":true,"href":"https:\/\/www.gruen-wald.de\/wordpress\/wp-json\/wp\/v2\/comments?post=2489"}],"version-history":[{"count":0,"href":"https:\/\/www.gruen-wald.de\/wordpress\/wp-json\/wp\/v2\/posts\/2489\/revisions"}],"wp:attachment":[{"href":"https:\/\/www.gruen-wald.de\/wordpress\/wp-json\/wp\/v2\/media?parent=2489"}],"wp:term":[{"taxonomy":"category","embeddable":true,"href":"https:\/\/www.gruen-wald.de\/wordpress\/wp-json\/wp\/v2\/categories?post=2489"},{"taxonomy":"post_tag","embeddable":true,"href":"https:\/\/www.gruen-wald.de\/wordpress\/wp-json\/wp\/v2\/tags?post=2489"}],"curies":[{"name":"wp","href":"https:\/\/api.w.org\/{rel}","templated":true}]}}