{"id":24606,"date":"2012-12-31T20:15:08","date_gmt":"2012-12-31T19:15:08","guid":{"rendered":"http:\/\/blog.coaster.de\/wp\/?p=24606"},"modified":"2012-12-31T20:15:08","modified_gmt":"2012-12-31T19:15:08","slug":"same-procedure-as-every-year","status":"publish","type":"post","link":"https:\/\/www.gruen-wald.de\/wordpress\/film-kultur\/same-procedure-as-every-year\/","title":{"rendered":"Same procedure as every year"},"content":{"rendered":"<p>Wie jedes Jahr begehe ich auch den Einstieg in 2013 mit einem kleinen Winterspaziergang auf die Priener H\u00fctte. Ich mag die Winterlandschaft im Priental und Sachrang ist ein sicherer Garant f\u00fcr viel Schnee &#8211; so auch diesmal:<\/p>\n<p style=\"text-align: center;\"><iframe loading=\"lazy\" width=\"560\" height=\"315\" src=\"http:\/\/www.youtube.com\/embed\/CcRyjEXGYsA?rel=0\" frameborder=\"0\" allowfullscreen><\/iframe><\/p>\n<p>Es hat so unfassbar kr\u00e4ftig geschneit, dass mir unterwegs im v\u00f6llig vereisten Rucksack tats\u00e4chlich meine Kamera verreckt ist. \ud83d\ude41 Zuerst war es nur der Fokus, dann Teile des Sensors, danach wollte sie wegen so viel Feuchtigkeit garnicht mehr anspringen. Heute wird die Kamera jedenfalls fachm\u00e4nnsich \u00fcberpr\u00fcft und mit etwas Gl\u00fcck wieder zum Laufen gebracht.<\/p>\n<p>So oder so war es in den letzten Jahren nicht ganz so sonnig auf dem Geiglstein &#8211; die letzten Jahre waren \u00a0gepr\u00e4gt von viel, viel Schnee. Hier der Jahresvergleich:<\/p>\n<p style=\"text-align: center;\"><img loading=\"lazy\" decoding=\"async\" class=\"aligncenter\" title=\"2008\" src=\"http:\/\/blog.coaster.de\/wp\/wp-content\/uploads\/1379.jpg\" alt=\"\" width=\"550\" height=\"412\" \/>2008<\/p>\n<p style=\"text-align: center;\"><img loading=\"lazy\" decoding=\"async\" class=\"aligncenter\" title=\"2009\" src=\"http:\/\/blog.coaster.de\/wp\/wp-content\/uploads\/dsc00063b.jpg\" alt=\"\" width=\"550\" height=\"413\" \/>2009<\/p>\n<p style=\"text-align: center;\"><img loading=\"lazy\" decoding=\"async\" class=\"aligncenter\" title=\"2010\" src=\"http:\/\/blog.coaster.de\/wp\/wp-content\/uploads\/P1010814.jpg\" alt=\"\" width=\"550\" height=\"400\" \/>2010<\/p>\n<p style=\"text-align: center;\"><img loading=\"lazy\" decoding=\"async\" class=\"aligncenter\" title=\"2011\" src=\"https:\/\/lh4.googleusercontent.com\/-KEoGa1XrNC0\/TwYmnfn0W2I\/AAAAAAAAMV8\/Db0TbigINas\/s640\/P1080457.jpg\" alt=\"\" width=\"550\" height=\"320\" \/>\u00a02011<\/p>\n<p style=\"text-align: center;\"><img loading=\"lazy\" decoding=\"async\" class=\"aligncenter\" title=\"2012\" src=\"https:\/\/lh4.googleusercontent.com\/-u48FQwhLqgs\/UOHgjPZCNsI\/AAAAAAAAVGs\/jzSZY577STg\/s640\/Jahresbild.jpg\" alt=\"\" width=\"550\" height=\"400\" \/>\u00a02012<\/p>\n<p>Kommt gut r\u00fcber&#8230;<\/p>\n","protected":false},"excerpt":{"rendered":"<p>Wie jedes Jahr begehe ich auch den Einstieg in 2013 mit einem kleinen Winterspaziergang auf die Priener H\u00fctte. Ich mag&hellip;<\/p>\n","protected":false},"author":1,"featured_media":0,"comment_status":"open","ping_status":"open","sticky":false,"template":"","format":"standard","meta":{"footnotes":"","_links_to":"","_links_to_target":""},"categories":[7],"tags":[],"class_list":["post-24606","post","type-post","status-publish","format-standard","hentry","category-film-kultur"],"_links":{"self":[{"href":"https:\/\/www.gruen-wald.de\/wordpress\/wp-json\/wp\/v2\/posts\/24606","targetHints":{"allow":["GET"]}}],"collection":[{"href":"https:\/\/www.gruen-wald.de\/wordpress\/wp-json\/wp\/v2\/posts"}],"about":[{"href":"https:\/\/www.gruen-wald.de\/wordpress\/wp-json\/wp\/v2\/types\/post"}],"author":[{"embeddable":true,"href":"https:\/\/www.gruen-wald.de\/wordpress\/wp-json\/wp\/v2\/users\/1"}],"replies":[{"embeddable":true,"href":"https:\/\/www.gruen-wald.de\/wordpress\/wp-json\/wp\/v2\/comments?post=24606"}],"version-history":[{"count":0,"href":"https:\/\/www.gruen-wald.de\/wordpress\/wp-json\/wp\/v2\/posts\/24606\/revisions"}],"wp:attachment":[{"href":"https:\/\/www.gruen-wald.de\/wordpress\/wp-json\/wp\/v2\/media?parent=24606"}],"wp:term":[{"taxonomy":"category","embeddable":true,"href":"https:\/\/www.gruen-wald.de\/wordpress\/wp-json\/wp\/v2\/categories?post=24606"},{"taxonomy":"post_tag","embeddable":true,"href":"https:\/\/www.gruen-wald.de\/wordpress\/wp-json\/wp\/v2\/tags?post=24606"}],"curies":[{"name":"wp","href":"https:\/\/api.w.org\/{rel}","templated":true}]}}