{"id":23992,"date":"2012-10-25T01:04:11","date_gmt":"2012-10-24T23:04:11","guid":{"rendered":"http:\/\/blog.coaster.de\/wp\/?p=23992"},"modified":"2012-10-25T01:04:11","modified_gmt":"2012-10-24T23:04:11","slug":"grosbrand","status":"publish","type":"post","link":"https:\/\/www.gruen-wald.de\/wordpress\/notiz\/grosbrand\/","title":{"rendered":"Gro\u00dfbrand"},"content":{"rendered":"<p>Gestern morgen.<\/p>\n<p>Wir fr\u00fchst\u00fccken. Und pl\u00f6tzlich ist die Welt vor unserem Fenster verschwunden. Surreal! &#8222;The Fog&#8220; in echt. Was war passiert?<\/p>\n<p>Eindr\u00fccke des Gro\u00dfeinsatzes in Berg am Laim (ja, ich bin ein Paparazzi):<\/p>\n<p><iframe loading=\"lazy\" src=\"http:\/\/www.youtube.com\/embed\/2l4aLW5u-mQ?rel=0\" frameborder=\"0\" width=\"560\" height=\"315\"><\/iframe><\/p>\n<p style=\"text-align: center;\">Hinweis: Der O-Ton wurde aus Datenschutzgr\u00fcnden durch ein Musikbett ersetzt (eines der wenigen bei Youtube Audioswap, das halt 10 Minuten f\u00fcllt).<\/p>\n","protected":false},"excerpt":{"rendered":"<p>Gestern morgen. Wir fr\u00fchst\u00fccken. Und pl\u00f6tzlich ist die Welt vor unserem Fenster verschwunden. Surreal! &#8222;The Fog&#8220; in echt. Was war&hellip;<\/p>\n","protected":false},"author":1,"featured_media":0,"comment_status":"open","ping_status":"open","sticky":false,"template":"","format":"standard","meta":{"footnotes":"","_links_to":"","_links_to_target":""},"categories":[13],"tags":[],"class_list":["post-23992","post","type-post","status-publish","format-standard","hentry","category-notiz"],"_links":{"self":[{"href":"https:\/\/www.gruen-wald.de\/wordpress\/wp-json\/wp\/v2\/posts\/23992","targetHints":{"allow":["GET"]}}],"collection":[{"href":"https:\/\/www.gruen-wald.de\/wordpress\/wp-json\/wp\/v2\/posts"}],"about":[{"href":"https:\/\/www.gruen-wald.de\/wordpress\/wp-json\/wp\/v2\/types\/post"}],"author":[{"embeddable":true,"href":"https:\/\/www.gruen-wald.de\/wordpress\/wp-json\/wp\/v2\/users\/1"}],"replies":[{"embeddable":true,"href":"https:\/\/www.gruen-wald.de\/wordpress\/wp-json\/wp\/v2\/comments?post=23992"}],"version-history":[{"count":0,"href":"https:\/\/www.gruen-wald.de\/wordpress\/wp-json\/wp\/v2\/posts\/23992\/revisions"}],"wp:attachment":[{"href":"https:\/\/www.gruen-wald.de\/wordpress\/wp-json\/wp\/v2\/media?parent=23992"}],"wp:term":[{"taxonomy":"category","embeddable":true,"href":"https:\/\/www.gruen-wald.de\/wordpress\/wp-json\/wp\/v2\/categories?post=23992"},{"taxonomy":"post_tag","embeddable":true,"href":"https:\/\/www.gruen-wald.de\/wordpress\/wp-json\/wp\/v2\/tags?post=23992"}],"curies":[{"name":"wp","href":"https:\/\/api.w.org\/{rel}","templated":true}]}}