{"id":2343,"date":"2010-02-17T22:11:40","date_gmt":"2010-02-17T21:11:40","guid":{"rendered":"http:\/\/www.coaster.de\/wp\/?p=2343"},"modified":"2010-02-17T22:11:40","modified_gmt":"2010-02-17T21:11:40","slug":"daniele-ganser-uber-die-geheimarmeen-der-nato","status":"publish","type":"post","link":"https:\/\/www.gruen-wald.de\/wordpress\/bildung\/daniele-ganser-uber-die-geheimarmeen-der-nato\/","title":{"rendered":"Daniele Ganser \u00fcber die Geheimarmeen der NATO"},"content":{"rendered":"<p>Ich habe mich ja schon ein paar Mal als &#8222;Fan&#8220; von Dr. Daniele Ganser geoutet, einem Friedensforscher und Historiker an der Uni Basel. Wer bislang immer noch keine Vorlesung von ihm gesehen hat, f\u00fcr den gibt es jetzt dieses <strong>wirklich<\/strong> h\u00f6rens- und sehenswerte Video-Transkript zur NATO und ihrem inszenierten Terrorismus. Der Anfang mag vielleicht etwas dr\u00f6ge wirken, aber die Informationen darin geh\u00f6ren meiner Meinung nach alle zum gesellschaftlichen Grundwissen in unserer Zeit des Terrorismus-Medien-Hypes. Gebt ihm eine Chance und h\u00f6rt mal rein:<\/p>\n<p style=\"text-align: center;\"><a href=\"http:\/\/edvan.fadeout.ch\/ref\/?customerId=30&amp;channelId=43\"><img decoding=\"async\" class=\"aligncenter\" src=\"http:\/\/img43.imageshack.us\/img43\/333\/clipboard01ia.png\" alt=\"\" \/><\/a><br \/>\n<a href=\"http:\/\/www.zshare.net\/video\/726688333367d93e\/\" target=\"_blank\" rel=\"noopener noreferrer\">Video auf ZShare herunterladen [Adblocker deaktiveren]<\/a><\/p>\n","protected":false},"excerpt":{"rendered":"<p>Ich habe mich ja schon ein paar Mal als &#8222;Fan&#8220; von Dr. Daniele Ganser geoutet, einem Friedensforscher und Historiker an&hellip;<\/p>\n","protected":false},"author":1,"featured_media":0,"comment_status":"open","ping_status":"open","sticky":false,"template":"","format":"standard","meta":{"footnotes":"","_links_to":"","_links_to_target":""},"categories":[3],"tags":[3496,5051],"class_list":["post-2343","post","type-post","status-publish","format-standard","hentry","category-bildung","tag-nato","tag-transkript"],"_links":{"self":[{"href":"https:\/\/www.gruen-wald.de\/wordpress\/wp-json\/wp\/v2\/posts\/2343"}],"collection":[{"href":"https:\/\/www.gruen-wald.de\/wordpress\/wp-json\/wp\/v2\/posts"}],"about":[{"href":"https:\/\/www.gruen-wald.de\/wordpress\/wp-json\/wp\/v2\/types\/post"}],"author":[{"embeddable":true,"href":"https:\/\/www.gruen-wald.de\/wordpress\/wp-json\/wp\/v2\/users\/1"}],"replies":[{"embeddable":true,"href":"https:\/\/www.gruen-wald.de\/wordpress\/wp-json\/wp\/v2\/comments?post=2343"}],"version-history":[{"count":0,"href":"https:\/\/www.gruen-wald.de\/wordpress\/wp-json\/wp\/v2\/posts\/2343\/revisions"}],"wp:attachment":[{"href":"https:\/\/www.gruen-wald.de\/wordpress\/wp-json\/wp\/v2\/media?parent=2343"}],"wp:term":[{"taxonomy":"category","embeddable":true,"href":"https:\/\/www.gruen-wald.de\/wordpress\/wp-json\/wp\/v2\/categories?post=2343"},{"taxonomy":"post_tag","embeddable":true,"href":"https:\/\/www.gruen-wald.de\/wordpress\/wp-json\/wp\/v2\/tags?post=2343"}],"curies":[{"name":"wp","href":"https:\/\/api.w.org\/{rel}","templated":true}]}}