{"id":23276,"date":"2012-08-13T00:01:59","date_gmt":"2012-08-12T22:01:59","guid":{"rendered":"http:\/\/blog.coaster.de\/wp\/?p=23276"},"modified":"2012-08-13T00:01:59","modified_gmt":"2012-08-12T22:01:59","slug":"23276","status":"publish","type":"post","link":"https:\/\/www.gruen-wald.de\/wordpress\/bildung\/23276\/","title":{"rendered":"Spitzer: Medienkonsum erst ab 15 Jahre"},"content":{"rendered":"<p><img loading=\"lazy\" decoding=\"async\" class=\"alignright\" title=\"USK18\" src=\"http:\/\/blog.coaster.de\/wp\/wp-content\/uploads\/2012\/08\/75px-USK18_neu2.svg_.png\" alt=\"\" width=\"75\" height=\"75\" \/>Finde es nur ich merkw\u00fcrdig, wenn ein Hirnforscher und Psychater sich \u00fcber Medienkompetenz \u00e4u\u00dfert, dabei Studien stark vorselektiert und ein kritisches Hinterfragen vermissen l\u00e4sst (sinngem\u00e4\u00df: &#8222;alles, was eine wissenschaftliche Studie einmal bewiesen hat, gilt.&#8220;)? Das hier angesprochene Gespr\u00e4ch mit Herrn Prof. Manfred Spitzer ist bei diapod.de zu finden:<\/p>\n<p style=\"text-align: center;\"><a href=\"http:\/\/www.diapod.de\/cms\/?p=20186\">[Hier klicken f\u00fcr Dialog]<\/a><\/p>\n<p>Seine Erkenntnis: Die F\u00f6rderung von Medienkompetenz im Kindesalter sei nicht m\u00f6glich. Statt dessen vergleicht er den Medienkonsum mit dem &#8222;Genu\u00df von Alkohol.&#8220; Medien sollten f\u00fcr Kinder bis zum Alter von 15 Jahren nicht zug\u00e4nglich sein. Danach w\u00e4re (analog wie beim Alkohol) eine Schrittweise Ann\u00e4herung an den Medienkonsum sinnvoll. Die Gamesbranche sei in Augen Spitzers so etwas wie eine Abzockgemeinde. Sofern man Jugendliche zum kritischen Denke bewege, dann w\u00fcrden sie das auch begreifen. Das Kaufen virtueller G\u00fcter sei Zeit- und Geldverschwendung.<\/p>\n<p>Ich bin jetzt schon daf\u00fcr, ab sofort jeden Theaterbesuch nur noch Vollj\u00e4hrigen zu gew\u00e4hren. Immerhin erh\u00e4lt man dort auch nur ein virtuelles Gut, was besten Falls auditiv und visuell wahrgenommen wird. Manchmal wird man dabei sogar noch zus\u00e4tzlich der kreativen Interaktion beraubt. \u00dcberhaupt ist es l\u00e4cherlich, Unterhaltung und Spa\u00df zu verg\u00fcten.<\/p>\n<p>Immerhin: Lego bauen ist erlaubt, weil es die Kreativit\u00e4t f\u00f6rdert. Microsoft Paint oder gar der Windows Movie Maker bleiben nat\u00fcrlich Tabu. Denn: Wer behauptet, dass Medien in den Unterricht geh\u00f6ren, &#8222;der l\u00fcgt&#8220;. Begr\u00fcndung des Herrn Spitzer: Das ist so &#8222;weil ich wei\u00df, dass es so ist.&#8220;<\/p>\n<p>BAM! In your face!<\/p>\n<p>\u00dcbrigens: Ich bin immerhin auch ausgebildeter Medienp\u00e4dagoge und \u00e4u\u00dfere mich trotzdem nicht mit Ratschlagen, wie man psychatrische Probleme l\u00f6st. Das sollte (auch wenn ich dar\u00fcber nat\u00fcrlich eine Meinung habe) doch nicht mein \u00f6ffentliches Bet\u00e4tigungsfeld sein, schon garnicht unter meinem akademischen Mantel. Dass beide Bereiche eine gro\u00dfe Schnittmenge haben und sich gegenseitig bedingen und beide Disziplinen \u00fcber ihre Erkenntnisse kommunizieren m\u00fcssen, stelle ich dabei gar nicht in Abrede.<\/p>\n<p>Ich habe ja nichts dagegen, wenn man als Autor, Privatperson oder Vater seine private Meinung \u00e4u\u00dfert. Aber in der Rolle als Wissenschaftler ist man immer dem kritischen Denken, der wissenschaftlichen Distanz \u00a0und der wissenschaftlichen Objektivit\u00e4t verpflichtet. Genau das l\u00e4sst das Gespr\u00e4ch leider kl\u00e4glich vermissen. Spitzer verkauft seine Meinung unter dem Deckmantel der Forschung als die einzig g\u00fcltige, verschweigt dabei vollst\u00e4ndig, dass es auch in der Forschung zahlreiche Blickwinkel auf einen Sachverhalt gibt und behauptet pauschal, dass alle Forscher mit anderen Ergebnissen l\u00fcgen. Das ist nicht nur wider jeder Ehtik des wissenschaftlichen Diskurses, es erreicht auch noch genau das, was Herr Prof. Spitzer ja angeblich so unbedingt verhindern will:<\/p>\n<p>Kritisches Denken beim Rezipienten. Der bekommt n\u00e4mlich die finale Meinung ohne jede Dialektik vorgekaut.<\/p>\n<p>Als Privatperson \u00e4rgert mich sowas.<\/p>\n","protected":false},"excerpt":{"rendered":"<p>Finde es nur ich merkw\u00fcrdig, wenn ein Hirnforscher und Psychater sich \u00fcber Medienkompetenz \u00e4u\u00dfert, dabei Studien stark vorselektiert und ein&hellip;<\/p>\n","protected":false},"author":1,"featured_media":0,"comment_status":"open","ping_status":"open","sticky":false,"template":"","format":"standard","meta":{"footnotes":"","_links_to":"","_links_to_target":""},"categories":[3],"tags":[],"class_list":["post-23276","post","type-post","status-publish","format-standard","hentry","category-bildung"],"_links":{"self":[{"href":"https:\/\/www.gruen-wald.de\/wordpress\/wp-json\/wp\/v2\/posts\/23276","targetHints":{"allow":["GET"]}}],"collection":[{"href":"https:\/\/www.gruen-wald.de\/wordpress\/wp-json\/wp\/v2\/posts"}],"about":[{"href":"https:\/\/www.gruen-wald.de\/wordpress\/wp-json\/wp\/v2\/types\/post"}],"author":[{"embeddable":true,"href":"https:\/\/www.gruen-wald.de\/wordpress\/wp-json\/wp\/v2\/users\/1"}],"replies":[{"embeddable":true,"href":"https:\/\/www.gruen-wald.de\/wordpress\/wp-json\/wp\/v2\/comments?post=23276"}],"version-history":[{"count":0,"href":"https:\/\/www.gruen-wald.de\/wordpress\/wp-json\/wp\/v2\/posts\/23276\/revisions"}],"wp:attachment":[{"href":"https:\/\/www.gruen-wald.de\/wordpress\/wp-json\/wp\/v2\/media?parent=23276"}],"wp:term":[{"taxonomy":"category","embeddable":true,"href":"https:\/\/www.gruen-wald.de\/wordpress\/wp-json\/wp\/v2\/categories?post=23276"},{"taxonomy":"post_tag","embeddable":true,"href":"https:\/\/www.gruen-wald.de\/wordpress\/wp-json\/wp\/v2\/tags?post=23276"}],"curies":[{"name":"wp","href":"https:\/\/api.w.org\/{rel}","templated":true}]}}