{"id":23271,"date":"2012-08-19T16:55:53","date_gmt":"2012-08-19T14:55:53","guid":{"rendered":"http:\/\/blog.coaster.de\/wp\/?p=23271"},"modified":"2012-08-19T16:55:53","modified_gmt":"2012-08-19T14:55:53","slug":"st-emmeram","status":"publish","type":"post","link":"https:\/\/www.gruen-wald.de\/wordpress\/privates\/st-emmeram\/","title":{"rendered":"St. Emmeram"},"content":{"rendered":"<p>Ich bin immer wieder erstaunt, wie unfassbar friedlich es in M\u00fcnchen auf H\u00f6he von St. Emmeram sein kann, wenn man bedenkt, dass man immer noch weit im M\u00fcnchner Innenraum ist.<\/p>\n<p style=\"text-align: center;\"><iframe loading=\"lazy\" width=\"420\" height=\"315\" src=\"http:\/\/www.youtube.com\/embed\/4fu6T16QkLc?rel=0\" frameborder=\"0\" allowfullscreen><\/iframe><\/p>\n<p>Letztens eine Radltour an der Isar entlang gemacht und an dieser Stelle herrscht immer schlagartig Idylle und friedfertige Ruhe. Leider keine Kamera dabei, aber so wie auf den Handyaufnahmen geno\u00df ich es dort fast eine ganze Stunde.<\/p>\n","protected":false},"excerpt":{"rendered":"<p>Ich bin immer wieder erstaunt, wie unfassbar friedlich es in M\u00fcnchen auf H\u00f6he von St. Emmeram sein kann, wenn man&hellip;<\/p>\n","protected":false},"author":1,"featured_media":0,"comment_status":"open","ping_status":"open","sticky":false,"template":"","format":"standard","meta":{"footnotes":"","_links_to":"","_links_to_target":""},"categories":[15],"tags":[],"class_list":["post-23271","post","type-post","status-publish","format-standard","hentry","category-privates"],"_links":{"self":[{"href":"https:\/\/www.gruen-wald.de\/wordpress\/wp-json\/wp\/v2\/posts\/23271","targetHints":{"allow":["GET"]}}],"collection":[{"href":"https:\/\/www.gruen-wald.de\/wordpress\/wp-json\/wp\/v2\/posts"}],"about":[{"href":"https:\/\/www.gruen-wald.de\/wordpress\/wp-json\/wp\/v2\/types\/post"}],"author":[{"embeddable":true,"href":"https:\/\/www.gruen-wald.de\/wordpress\/wp-json\/wp\/v2\/users\/1"}],"replies":[{"embeddable":true,"href":"https:\/\/www.gruen-wald.de\/wordpress\/wp-json\/wp\/v2\/comments?post=23271"}],"version-history":[{"count":0,"href":"https:\/\/www.gruen-wald.de\/wordpress\/wp-json\/wp\/v2\/posts\/23271\/revisions"}],"wp:attachment":[{"href":"https:\/\/www.gruen-wald.de\/wordpress\/wp-json\/wp\/v2\/media?parent=23271"}],"wp:term":[{"taxonomy":"category","embeddable":true,"href":"https:\/\/www.gruen-wald.de\/wordpress\/wp-json\/wp\/v2\/categories?post=23271"},{"taxonomy":"post_tag","embeddable":true,"href":"https:\/\/www.gruen-wald.de\/wordpress\/wp-json\/wp\/v2\/tags?post=23271"}],"curies":[{"name":"wp","href":"https:\/\/api.w.org\/{rel}","templated":true}]}}