{"id":23244,"date":"2012-08-14T11:51:30","date_gmt":"2012-08-14T09:51:30","guid":{"rendered":"http:\/\/blog.coaster.de\/wp\/?p=23244"},"modified":"2012-08-14T11:51:30","modified_gmt":"2012-08-14T09:51:30","slug":"gamescom-here-i-come","status":"publish","type":"post","link":"https:\/\/www.gruen-wald.de\/wordpress\/notiz\/gamescom-here-i-come\/","title":{"rendered":"gamescom &#8211; here I come!"},"content":{"rendered":"<p><img loading=\"lazy\" decoding=\"async\" class=\"alignleft\" title=\"gamescom\" src=\"http:\/\/blog.coaster.de\/wp\/wp-content\/uploads\/gamescom6.gif\" alt=\"\" width=\"59\" height=\"33\" \/>Treue Leser wissen Bescheid: Heute geht es f\u00fcr mich nach K\u00f6ln. Was hei\u00dft das? Es hei\u00dft, dass ich auf Europas gr\u00f6\u00dfter Spielemesse unterwegs bin und diesen Blog nicht wirklich betreuen kann. Nat\u00fcrlich wird es aber trotzdem jeden Tag einen kleinen Blogbeitrag geben, der Euch halt daran erinnert, dass ich gerade auf der &#8222;gamescom&#8220; bin. \ud83d\ude09<\/p>\n<p>Wer genaueres wissen m\u00f6chte, der verfolgt am besten den <a href=\"http:\/\/twitter.com\/adventuretreff\">Twitter-Account von Adventure-Treff.de<\/a> (oder <a href=\"http:\/\/www.facebook.com\/pages\/Adventure-Treffde\/169227068207?ref=hl\">Facebook<\/a>), \u00fcber den ich ein wenig was von der Messe online stellen werde, wenn&#8217;s zeitlich klappt.<\/p>\n","protected":false},"excerpt":{"rendered":"<p>Treue Leser wissen Bescheid: Heute geht es f\u00fcr mich nach K\u00f6ln. Was hei\u00dft das? Es hei\u00dft, dass ich auf Europas&hellip;<\/p>\n","protected":false},"author":1,"featured_media":0,"comment_status":"open","ping_status":"open","sticky":false,"template":"","format":"standard","meta":{"footnotes":"","_links_to":"","_links_to_target":""},"categories":[13],"tags":[],"class_list":["post-23244","post","type-post","status-publish","format-standard","hentry","category-notiz"],"_links":{"self":[{"href":"https:\/\/www.gruen-wald.de\/wordpress\/wp-json\/wp\/v2\/posts\/23244","targetHints":{"allow":["GET"]}}],"collection":[{"href":"https:\/\/www.gruen-wald.de\/wordpress\/wp-json\/wp\/v2\/posts"}],"about":[{"href":"https:\/\/www.gruen-wald.de\/wordpress\/wp-json\/wp\/v2\/types\/post"}],"author":[{"embeddable":true,"href":"https:\/\/www.gruen-wald.de\/wordpress\/wp-json\/wp\/v2\/users\/1"}],"replies":[{"embeddable":true,"href":"https:\/\/www.gruen-wald.de\/wordpress\/wp-json\/wp\/v2\/comments?post=23244"}],"version-history":[{"count":0,"href":"https:\/\/www.gruen-wald.de\/wordpress\/wp-json\/wp\/v2\/posts\/23244\/revisions"}],"wp:attachment":[{"href":"https:\/\/www.gruen-wald.de\/wordpress\/wp-json\/wp\/v2\/media?parent=23244"}],"wp:term":[{"taxonomy":"category","embeddable":true,"href":"https:\/\/www.gruen-wald.de\/wordpress\/wp-json\/wp\/v2\/categories?post=23244"},{"taxonomy":"post_tag","embeddable":true,"href":"https:\/\/www.gruen-wald.de\/wordpress\/wp-json\/wp\/v2\/tags?post=23244"}],"curies":[{"name":"wp","href":"https:\/\/api.w.org\/{rel}","templated":true}]}}