{"id":22110,"date":"2012-06-08T00:01:21","date_gmt":"2012-06-07T22:01:21","guid":{"rendered":"http:\/\/blog.coaster.de\/wp\/?p=22110"},"modified":"2012-06-08T00:01:21","modified_gmt":"2012-06-07T22:01:21","slug":"warum-nur","status":"publish","type":"post","link":"https:\/\/www.gruen-wald.de\/wordpress\/privates\/warum-nur\/","title":{"rendered":"Warum nur&#8230;"},"content":{"rendered":"<p>&#8230; passiert es mir immer, dass, wenn ich krank bin und mich bei dem Blick aus dem Fenster und den h\u00fcbschen Sonnenstrahlen irgendwann daf\u00fcr entschiede, nur mal ganz kurz aus dem Haus zu gehen um Licht zu tanken, nach der H\u00e4lfte der Strecke durch Regen \u00fcberrascht werde?<\/p>\n<p>Und dann nat\u00fcrlich weder Regenkleidung noch M\u00fctze dabei habe. Da braucht man sich nicht wundern, dass das mit dem Auskurieren nichts wird.<\/p>\n<p>Wenn einem dann, wie eben, auf dem Giesinger Berg gleichzeitig die linke Pedale (!) und die Gangschaltung vom Fahrrad abf\u00e4llt und man im str\u00f6menden Regen die Dinger wieder festschraubt, dann hilft einfach garnichts mehr. Irgendwie hat es mich dann schon garnicht mehr gewundert, dass mein F\u00f6n den Versuch, mein v\u00f6llig durchn\u00e4sstes Ich wieder trocken zu pusten, eben einfach mit einem riesigen Knall, viel Rauch und verbranntem Geruch quittierte.<\/p>\n<p>Immerhin hat er in meiner Hand nicht gleich auch noch Feuer gefangen.<\/p>\n<p>Immer sch\u00f6n positiv denken (und halt vor sich hintropfen)!<\/p>\n<p>\ud83d\ude09<\/p>\n","protected":false},"excerpt":{"rendered":"<p>&#8230; passiert es mir immer, dass, wenn ich krank bin und mich bei dem Blick aus dem Fenster und den&hellip;<\/p>\n","protected":false},"author":1,"featured_media":0,"comment_status":"open","ping_status":"open","sticky":false,"template":"","format":"standard","meta":{"footnotes":"","_links_to":"","_links_to_target":""},"categories":[15],"tags":[],"class_list":["post-22110","post","type-post","status-publish","format-standard","hentry","category-privates"],"_links":{"self":[{"href":"https:\/\/www.gruen-wald.de\/wordpress\/wp-json\/wp\/v2\/posts\/22110"}],"collection":[{"href":"https:\/\/www.gruen-wald.de\/wordpress\/wp-json\/wp\/v2\/posts"}],"about":[{"href":"https:\/\/www.gruen-wald.de\/wordpress\/wp-json\/wp\/v2\/types\/post"}],"author":[{"embeddable":true,"href":"https:\/\/www.gruen-wald.de\/wordpress\/wp-json\/wp\/v2\/users\/1"}],"replies":[{"embeddable":true,"href":"https:\/\/www.gruen-wald.de\/wordpress\/wp-json\/wp\/v2\/comments?post=22110"}],"version-history":[{"count":0,"href":"https:\/\/www.gruen-wald.de\/wordpress\/wp-json\/wp\/v2\/posts\/22110\/revisions"}],"wp:attachment":[{"href":"https:\/\/www.gruen-wald.de\/wordpress\/wp-json\/wp\/v2\/media?parent=22110"}],"wp:term":[{"taxonomy":"category","embeddable":true,"href":"https:\/\/www.gruen-wald.de\/wordpress\/wp-json\/wp\/v2\/categories?post=22110"},{"taxonomy":"post_tag","embeddable":true,"href":"https:\/\/www.gruen-wald.de\/wordpress\/wp-json\/wp\/v2\/tags?post=22110"}],"curies":[{"name":"wp","href":"https:\/\/api.w.org\/{rel}","templated":true}]}}