{"id":21568,"date":"2012-05-06T00:15:26","date_gmt":"2012-05-05T22:15:26","guid":{"rendered":"http:\/\/blog.coaster.de\/wp\/?p=21568"},"modified":"2012-05-06T00:15:26","modified_gmt":"2012-05-05T22:15:26","slug":"zeit-mal-zeit-ist-mahlzeit","status":"publish","type":"post","link":"https:\/\/www.gruen-wald.de\/wordpress\/gesellschaft\/zeit-mal-zeit-ist-mahlzeit\/","title":{"rendered":"Zeit mal Zeit ist Mahlzeit"},"content":{"rendered":"<p>Nachdem Herr Buck von der HFPH ja\u00a0immer so f\u00fcr den <a href=\"http:\/\/gourmetguide.com\/biergarten_in_muenchen_sankt_emmeramsmuehle\">Emmeramsm\u00fchle-Biergarten<\/a> schw\u00e4rmt, hab ich Freitag mal eine Radtour \u00fcber den Isarkanal Richtung Unterf\u00f6hrung unternommen und dabei auch die St. Emmerams-Region unter die Lupe genommen. In der Tat ist das vermutlich einer der sch\u00f6nsten Flecke in der M\u00fcnchner Randregion &#8211; mit Sicherheit aber eines der ruhigsten. W\u00e4hrend bei dem Traumwetter an den Isarauen absoluter Grill- und Sonnenanbeter-Trubel herrschte, war kurz nach der Stauwehr und der Aufteilung in den Isarkanal pl\u00f6tzlich eine himmlische Ruhe. Ein paar Trampelpfade am Kanal weiter war ausser V\u00f6gelgezwitscher und dem rauschenden Kanal einfach nichts mehr zu h\u00f6ren. Selbst beim Biergarten \u00fcbert\u00f6nten nur Gl\u00e4serklirren und Besteckklappern das s\u00e4u\u00dfeln des Windes, w\u00e4hrend nebenan die Schafe weiden. Vielleicht alles nur Zufall -vor allen Dingen, weil man den Biergarten auch f\u00fcr Festlichkeit oder als Ausflugsziel mieten kann-, aber wenn das dort zumidest am fr\u00fchen Nachmittag immer so zugeht, dann ist es vermutlich einer der besten Bierg\u00e4rten, wenn man mal abseits von der Stadt die pure Erholung und Ruhe sucht. Der Langzeittest (der das belegt) und vor allen Dingen der Spei\u00dfentest stehen aber noch aus.<\/p>\n<p style=\"text-align: right;\"><a href=\"http:\/\/blog.coaster.de\/wp\/wp-content\/uploads\/scan.jpg\"><img loading=\"lazy\" decoding=\"async\" class=\"aligncenter size-full wp-image-21573\" title=\"scan\" src=\"http:\/\/blog.coaster.de\/wp\/wp-content\/uploads\/scan.jpg\" alt=\"\" width=\"419\" height=\"350\" \/><\/a><br \/>\n<em>Foto (c) St. Emmeramsm\u00fchle Biergarten<\/em><\/p>\n","protected":false},"excerpt":{"rendered":"<p>Nachdem Herr Buck von der HFPH ja\u00a0immer so f\u00fcr den Emmeramsm\u00fchle-Biergarten schw\u00e4rmt, hab ich Freitag mal eine Radtour \u00fcber den&hellip;<\/p>\n","protected":false},"author":1,"featured_media":0,"comment_status":"open","ping_status":"open","sticky":false,"template":"","format":"standard","meta":{"footnotes":"","_links_to":"","_links_to_target":""},"categories":[10],"tags":[5595],"class_list":["post-21568","post","type-post","status-publish","format-standard","hentry","category-gesellschaft","tag-zeit-ist"],"_links":{"self":[{"href":"https:\/\/www.gruen-wald.de\/wordpress\/wp-json\/wp\/v2\/posts\/21568","targetHints":{"allow":["GET"]}}],"collection":[{"href":"https:\/\/www.gruen-wald.de\/wordpress\/wp-json\/wp\/v2\/posts"}],"about":[{"href":"https:\/\/www.gruen-wald.de\/wordpress\/wp-json\/wp\/v2\/types\/post"}],"author":[{"embeddable":true,"href":"https:\/\/www.gruen-wald.de\/wordpress\/wp-json\/wp\/v2\/users\/1"}],"replies":[{"embeddable":true,"href":"https:\/\/www.gruen-wald.de\/wordpress\/wp-json\/wp\/v2\/comments?post=21568"}],"version-history":[{"count":0,"href":"https:\/\/www.gruen-wald.de\/wordpress\/wp-json\/wp\/v2\/posts\/21568\/revisions"}],"wp:attachment":[{"href":"https:\/\/www.gruen-wald.de\/wordpress\/wp-json\/wp\/v2\/media?parent=21568"}],"wp:term":[{"taxonomy":"category","embeddable":true,"href":"https:\/\/www.gruen-wald.de\/wordpress\/wp-json\/wp\/v2\/categories?post=21568"},{"taxonomy":"post_tag","embeddable":true,"href":"https:\/\/www.gruen-wald.de\/wordpress\/wp-json\/wp\/v2\/tags?post=21568"}],"curies":[{"name":"wp","href":"https:\/\/api.w.org\/{rel}","templated":true}]}}