{"id":21155,"date":"2012-04-06T00:01:36","date_gmt":"2012-04-05T22:01:36","guid":{"rendered":"http:\/\/blog.coaster.de\/wp\/?p=21155"},"modified":"2012-04-06T00:01:36","modified_gmt":"2012-04-05T22:01:36","slug":"chapeau-disneyland","status":"publish","type":"post","link":"https:\/\/www.gruen-wald.de\/wordpress\/erlebniswelten\/chapeau-disneyland\/","title":{"rendered":"Chapeau, Disneyland!"},"content":{"rendered":"<p>H\u00e4ufig habe ich \u00fcber das Disneyland Paris und sein Management geschimpft. Es ist eine Schande, wie sehr die Parks in eigenen Jahren heruntergewirtschaftet wurden, obwohl die Marke eigentlich zur Cr\u00e8me d\u00e8 la Cr\u00e8me der Themenparkunterhaltung geh\u00f6rt.<\/p>\n<p>Und dann \u00fcberrascht Disney mit diesem Geburtstags-Spektakel aus Feuerwerk, Wasser- und Rauchfont\u00e4nen, Lichtshow und 3D-Projektion:<\/p>\n<p style=\"text-align: center;\"><iframe loading=\"lazy\" src=\"http:\/\/www.youtube.com\/embed\/glNjMOXSL7k?rel=0\" frameborder=\"0\" width=\"560\" height=\"315\"><\/iframe><\/p>\n<p>Da liefert Disney einfach mal so einer der besten und l\u00e4ngsten 3D-Projektionsshows aller Zeiten ab. Hut ab! G\u00e4nsehaut!<\/p>\n<p>Allein die Tatsache, dass man darin so viel auf die guten alten 2D-Klassiker der Disney-Zeit setzt, erw\u00e4rmt mein Herz! Da kommt doch glatt wieder ein wenig Disney-Magie durch. Wird wohl doch Zeit, endlich wieder gen Paris zu d\u00fcsen.<\/p>\n","protected":false},"excerpt":{"rendered":"<p>H\u00e4ufig habe ich \u00fcber das Disneyland Paris und sein Management geschimpft. Es ist eine Schande, wie sehr die Parks in&hellip;<\/p>\n","protected":false},"author":1,"featured_media":0,"comment_status":"open","ping_status":"open","sticky":false,"template":"","format":"standard","meta":{"footnotes":"","_links_to":"","_links_to_target":""},"categories":[5],"tags":[1021,3127,4939,5594],"class_list":["post-21155","post","type-post","status-publish","format-standard","hentry","category-erlebniswelten","tag-creme","tag-management","tag-themenparkunterhaltung","tag-zeit"],"_links":{"self":[{"href":"https:\/\/www.gruen-wald.de\/wordpress\/wp-json\/wp\/v2\/posts\/21155","targetHints":{"allow":["GET"]}}],"collection":[{"href":"https:\/\/www.gruen-wald.de\/wordpress\/wp-json\/wp\/v2\/posts"}],"about":[{"href":"https:\/\/www.gruen-wald.de\/wordpress\/wp-json\/wp\/v2\/types\/post"}],"author":[{"embeddable":true,"href":"https:\/\/www.gruen-wald.de\/wordpress\/wp-json\/wp\/v2\/users\/1"}],"replies":[{"embeddable":true,"href":"https:\/\/www.gruen-wald.de\/wordpress\/wp-json\/wp\/v2\/comments?post=21155"}],"version-history":[{"count":0,"href":"https:\/\/www.gruen-wald.de\/wordpress\/wp-json\/wp\/v2\/posts\/21155\/revisions"}],"wp:attachment":[{"href":"https:\/\/www.gruen-wald.de\/wordpress\/wp-json\/wp\/v2\/media?parent=21155"}],"wp:term":[{"taxonomy":"category","embeddable":true,"href":"https:\/\/www.gruen-wald.de\/wordpress\/wp-json\/wp\/v2\/categories?post=21155"},{"taxonomy":"post_tag","embeddable":true,"href":"https:\/\/www.gruen-wald.de\/wordpress\/wp-json\/wp\/v2\/tags?post=21155"}],"curies":[{"name":"wp","href":"https:\/\/api.w.org\/{rel}","templated":true}]}}