{"id":2109,"date":"2010-01-28T00:01:36","date_gmt":"2010-01-27T23:01:36","guid":{"rendered":"http:\/\/www.coaster.de\/wp\/?p=2109"},"modified":"2010-01-28T00:01:36","modified_gmt":"2010-01-27T23:01:36","slug":"mit-5-zentimeter-pro-sekunde-zum-nachsten-shinkai-film","status":"publish","type":"post","link":"https:\/\/www.gruen-wald.de\/wordpress\/film-kultur\/mit-5-zentimeter-pro-sekunde-zum-nachsten-shinkai-film\/","title":{"rendered":"Mit 5 Zentimeter pro Sekunde zum n\u00e4chsten Shinkai-Film"},"content":{"rendered":"<p><img loading=\"lazy\" decoding=\"async\" class=\"alignleft\" title=\"new work\" src=\"http:\/\/img694.imageshack.us\/img694\/8026\/imageboard02.jpg\" alt=\"\" width=\"340\" height=\"240\" \/>Great news! Makoto &#8222;Place Promised&#8220; Shinkai is working on another feature film.<\/p>\n<p>Anl\u00e4sslich der Facebook-Diskussion gestern \u00fcber den &#8222;5 Centimeters&#8220;-Soundtrack bin ich voller Vorfreude \u00fcber die Nachricht gestolpert, dass Shinkai tats\u00e4chlich wieder an einem neuen Kinofilm sitzt. Wie \u00fcblich wird er das Ding wohl auch diesmal wieder selbst produzieren und mit einem sehr kleinen Team auf seinem Mac animinieren.<\/p>\n<p>Es soll nach dem erwachsenen 5cm diesmal kindlicher werden und da ich von Shinkai einfach noch nie entt\u00e4uscht wurde, bin ich mir ziemlich sicher, dass er auch diesmal wieder gro\u00dfes Magiekino abliefern wird.<\/p>\n<p>Ein deutsches Kinorelease ist vermutlich erneut so unwahrscheinlich wie der Einstieg von Papst Benedikt bei Beate Uhse, aber der Film muss einfach auf irgendeinem Filmfest laufen. Wenn er es sogar noch bis Sommer schafft (kaum zu glauben), dann z\u00e4hl ich auf dich Fantasy Filmfest!<\/p>\n<p>Das Artwork links ist <a href=\"http:\/\/www2.odn.ne.jp\/~ccs50140\/sayonara\/index.html\">Copyright von CMMM<\/a>.<\/p>\n","protected":false},"excerpt":{"rendered":"<p>Great news! Makoto &#8222;Place Promised&#8220; Shinkai is working on another feature film. Anl\u00e4sslich der Facebook-Diskussion gestern \u00fcber den &#8222;5 Centimeters&#8220;-Soundtrack&hellip;<\/p>\n","protected":false},"author":1,"featured_media":0,"comment_status":"open","ping_status":"open","sticky":false,"template":"","format":"standard","meta":{"footnotes":"","_links_to":"","_links_to_target":""},"categories":[7],"tags":[809,1616,1634,2119,3113],"class_list":["post-2109","post","type-post","status-publish","format-standard","hentry","category-film-kultur","tag-centimeters","tag-fantasy-filmfest","tag-feature-film","tag-great-news","tag-makoto"],"_links":{"self":[{"href":"https:\/\/www.gruen-wald.de\/wordpress\/wp-json\/wp\/v2\/posts\/2109","targetHints":{"allow":["GET"]}}],"collection":[{"href":"https:\/\/www.gruen-wald.de\/wordpress\/wp-json\/wp\/v2\/posts"}],"about":[{"href":"https:\/\/www.gruen-wald.de\/wordpress\/wp-json\/wp\/v2\/types\/post"}],"author":[{"embeddable":true,"href":"https:\/\/www.gruen-wald.de\/wordpress\/wp-json\/wp\/v2\/users\/1"}],"replies":[{"embeddable":true,"href":"https:\/\/www.gruen-wald.de\/wordpress\/wp-json\/wp\/v2\/comments?post=2109"}],"version-history":[{"count":0,"href":"https:\/\/www.gruen-wald.de\/wordpress\/wp-json\/wp\/v2\/posts\/2109\/revisions"}],"wp:attachment":[{"href":"https:\/\/www.gruen-wald.de\/wordpress\/wp-json\/wp\/v2\/media?parent=2109"}],"wp:term":[{"taxonomy":"category","embeddable":true,"href":"https:\/\/www.gruen-wald.de\/wordpress\/wp-json\/wp\/v2\/categories?post=2109"},{"taxonomy":"post_tag","embeddable":true,"href":"https:\/\/www.gruen-wald.de\/wordpress\/wp-json\/wp\/v2\/tags?post=2109"}],"curies":[{"name":"wp","href":"https:\/\/api.w.org\/{rel}","templated":true}]}}