{"id":21012,"date":"2012-04-02T00:01:56","date_gmt":"2012-04-01T22:01:56","guid":{"rendered":"http:\/\/blog.coaster.de\/wp\/?p=21012"},"modified":"2012-04-02T00:01:56","modified_gmt":"2012-04-01T22:01:56","slug":"von-tiefen-schluchten-und-gefrasigen-ziegen-abenteuer-am-nuslberg","status":"publish","type":"post","link":"https:\/\/www.gruen-wald.de\/wordpress\/events\/von-tiefen-schluchten-und-gefrasigen-ziegen-abenteuer-am-nuslberg\/","title":{"rendered":"Von tiefen Schluchten &#038; gefr\u00e4\u00dfigen Ziegen &#8211; Abenteuer am Nu\u00dflberg"},"content":{"rendered":"<p>Eine wirklich tolle <a href=\"http:\/\/blog.coaster.de\/wp\/wp-admin\/edit.php?post_type=event&amp;page=events-manager-bookings&amp;event_id=7\">Fr\u00fchlings-Wanderung<\/a> &#8211; und trotz selbst gesetzem H\u00f6henlimit perfekt abwechslungsreich, ein richtiges Abenteuer! Und ja, es gibt eine Hommage an &#8222;A Placed Promised in Our Early Days&#8220;:<\/p>\n<p style=\"text-align: center;\"><iframe loading=\"lazy\" width=\"560\" height=\"315\" src=\"http:\/\/www.youtube.com\/embed\/sRAvk3sJqrY\" frameborder=\"0\" allowfullscreen><\/iframe><\/p>\n<blockquote><p>&#8211; Ein steiler Anstieg mit Votivtafeln und h\u00fcbschen Waldpfad zum Warmwerden.<br \/>\n&#8211; Eine Bergklause mit strahlend blauem Himmel und fabelhaften Sonnenstrahlen zum auftanken.<br \/>\n&#8211; Ein Kr\u00f6ten-Biotop.<br \/>\n&#8211; Ein bereits sommerlich-gr\u00fcnes Tal mit Geh\u00f6ften und friedlichem Flu\u00dfbett.<br \/>\n&#8211; Eine umwerfende Klamm mit beeindruckenden Wasserst\u00fcrzen und steilen Felsschluchten.<br \/>\n&#8211; Ein vertr\u00e4umtes, verwuchertes Flu\u00dfdelta wie in einem Land vor unserer Zeit.<br \/>\n&#8211; Ein verlassener Spielplatz f\u00fcr Bl\u00f6delei-Aktionen und Schaukelspa\u00df.<br \/>\n&#8211; Frei laufende Ziegen mit Bettelblick am pl\u00e4tscherndem Wasserfall.<br \/>\n&#8211; Und zu guter letzt noch die Einkeher am Fu\u00dfe Nu\u00dflbergs im Caf\u00e9 D\u00f6rfl mit der geilsten Toilette seit Menschengedenken!<\/p><\/blockquote>\n<p style=\"text-align: left;\">Ich bin rundum zufrieden mit dem &#8222;offiziellen&#8220; Fr\u00fchlings-Einstieg. Es zeigt, dass man aus der Kombination vieler kleiner Sachen mit etwas dramaturgischen Kniff trotzdem eine tolle Tageswanderung entwickeln kann &#8211; selbst wenn man mal nicht die 1000 Meter \u00fcberschreitet. F\u00fcr den n\u00e4chsten Fr\u00fchling ist diese Pr\u00e4misse vorgemerkt.<\/p>\n","protected":false},"excerpt":{"rendered":"<p>Eine wirklich tolle Fr\u00fchlings-Wanderung &#8211; und trotz selbst gesetzem H\u00f6henlimit perfekt abwechslungsreich, ein richtiges Abenteuer! Und ja, es gibt eine&hellip;<\/p>\n","protected":false},"author":1,"featured_media":0,"comment_status":"open","ping_status":"open","sticky":false,"template":"","format":"standard","meta":{"footnotes":"","_links_to":"","_links_to_target":""},"categories":[6,7],"tags":[3887,4023,4376,5338],"class_list":["post-21012","post","type-post","status-publish","format-standard","hentry","category-events","category-film-kultur","tag-placed","tag-promised","tag-schlucht","tag-votivtafeln"],"_links":{"self":[{"href":"https:\/\/www.gruen-wald.de\/wordpress\/wp-json\/wp\/v2\/posts\/21012","targetHints":{"allow":["GET"]}}],"collection":[{"href":"https:\/\/www.gruen-wald.de\/wordpress\/wp-json\/wp\/v2\/posts"}],"about":[{"href":"https:\/\/www.gruen-wald.de\/wordpress\/wp-json\/wp\/v2\/types\/post"}],"author":[{"embeddable":true,"href":"https:\/\/www.gruen-wald.de\/wordpress\/wp-json\/wp\/v2\/users\/1"}],"replies":[{"embeddable":true,"href":"https:\/\/www.gruen-wald.de\/wordpress\/wp-json\/wp\/v2\/comments?post=21012"}],"version-history":[{"count":0,"href":"https:\/\/www.gruen-wald.de\/wordpress\/wp-json\/wp\/v2\/posts\/21012\/revisions"}],"wp:attachment":[{"href":"https:\/\/www.gruen-wald.de\/wordpress\/wp-json\/wp\/v2\/media?parent=21012"}],"wp:term":[{"taxonomy":"category","embeddable":true,"href":"https:\/\/www.gruen-wald.de\/wordpress\/wp-json\/wp\/v2\/categories?post=21012"},{"taxonomy":"post_tag","embeddable":true,"href":"https:\/\/www.gruen-wald.de\/wordpress\/wp-json\/wp\/v2\/tags?post=21012"}],"curies":[{"name":"wp","href":"https:\/\/api.w.org\/{rel}","templated":true}]}}