{"id":20996,"date":"2012-03-30T19:53:40","date_gmt":"2012-03-30T17:53:40","guid":{"rendered":"http:\/\/blog.coaster.de\/wp\/?p=20996"},"modified":"2012-03-30T19:53:40","modified_gmt":"2012-03-30T17:53:40","slug":"nusslberg-tour","status":"publish","type":"post","link":"https:\/\/www.gruen-wald.de\/wordpress\/events\/nusslberg-tour\/","title":{"rendered":"Nusslberg-Tour"},"content":{"rendered":"<p>Dem Wetter zum Trotz er\u00f6ffnen wir morgen die Adventure-Treff-Fr\u00fchlings-Touren-Saison 2012 &#8211; und zwar am Nu\u00dflberg:<\/p>\n<p style=\"text-align: center;\"><img loading=\"lazy\" decoding=\"async\" class=\"aligncenter\" title=\"Nu\u00dflberg\" src=\"https:\/\/fbcdn-sphotos-a.akamaihd.net\/hphotos-ak-snc7\/s720x720\/428266_10150614812603208_169227068207_9138972_910433497_n.jpg\" alt=\"\" width=\"407\" height=\"576\" \/><\/p>\n<p>Wir sind gespannt, ob das Wetter h\u00e4lt, was wetter.com verspricht (n\u00e4mlich keinerlei Regen untertags!). \ud83d\ude09 (Wer immer noch nicht wei\u00df, was das f\u00fcr Touren sind: Einfach mal in diesen <a href=\"http:\/\/www.adventure-treff.de\/forum\/viewtopic.php?f=1&amp;t=18568\">Foren-Thread<\/a> gucken oder oben in der Leiste hier auf &#8222;Events&#8220; klicken. ;-))<\/p>\n","protected":false},"excerpt":{"rendered":"<p>Dem Wetter zum Trotz er\u00f6ffnen wir morgen die Adventure-Treff-Fr\u00fchlings-Touren-Saison 2012 &#8211; und zwar am Nu\u00dflberg: Wir sind gespannt, ob das&hellip;<\/p>\n","protected":false},"author":1,"featured_media":0,"comment_status":"open","ping_status":"open","sticky":false,"template":"","format":"standard","meta":{"footnotes":"","_links_to":"","_links_to_target":""},"categories":[6],"tags":[1504],"class_list":["post-20996","post","type-post","status-publish","format-standard","hentry","category-events","tag-entwurf"],"_links":{"self":[{"href":"https:\/\/www.gruen-wald.de\/wordpress\/wp-json\/wp\/v2\/posts\/20996","targetHints":{"allow":["GET"]}}],"collection":[{"href":"https:\/\/www.gruen-wald.de\/wordpress\/wp-json\/wp\/v2\/posts"}],"about":[{"href":"https:\/\/www.gruen-wald.de\/wordpress\/wp-json\/wp\/v2\/types\/post"}],"author":[{"embeddable":true,"href":"https:\/\/www.gruen-wald.de\/wordpress\/wp-json\/wp\/v2\/users\/1"}],"replies":[{"embeddable":true,"href":"https:\/\/www.gruen-wald.de\/wordpress\/wp-json\/wp\/v2\/comments?post=20996"}],"version-history":[{"count":0,"href":"https:\/\/www.gruen-wald.de\/wordpress\/wp-json\/wp\/v2\/posts\/20996\/revisions"}],"wp:attachment":[{"href":"https:\/\/www.gruen-wald.de\/wordpress\/wp-json\/wp\/v2\/media?parent=20996"}],"wp:term":[{"taxonomy":"category","embeddable":true,"href":"https:\/\/www.gruen-wald.de\/wordpress\/wp-json\/wp\/v2\/categories?post=20996"},{"taxonomy":"post_tag","embeddable":true,"href":"https:\/\/www.gruen-wald.de\/wordpress\/wp-json\/wp\/v2\/tags?post=20996"}],"curies":[{"name":"wp","href":"https:\/\/api.w.org\/{rel}","templated":true}]}}