{"id":2099,"date":"2010-01-26T03:18:42","date_gmt":"2010-01-26T02:18:42","guid":{"rendered":"http:\/\/www.coaster.de\/wp\/?p=2099"},"modified":"2010-01-26T03:18:42","modified_gmt":"2010-01-26T02:18:42","slug":"fritz-lang","status":"publish","type":"post","link":"https:\/\/www.gruen-wald.de\/wordpress\/film-kultur\/fritz-lang\/","title":{"rendered":"Fritz Lang"},"content":{"rendered":"<p>Ich \u00e4rgere mich ein wenig, dass ich keine Karten f\u00fcr die Welturauff\u00fchrung des neu restaurierten Director&#8217;s Cut von Fritz Langs <a href=\"http:\/\/www.metropolis2710.de\/de\/index.html\">Metropolis<\/a> im Februar in der alten Oper in Frankfurt habe, aber die \u00dcbertragung auf ARTE wirds hoffentlich auch tun. Anl\u00e4sslich dazu kann ich diese herausragende Dokumentation \u00fcber Fritz Lang empfehlen, dem vermutlich gr\u00f6\u00dften Filmvision\u00e4r \u00fcberhaupt:<\/p>\n<p><a href=\"http:\/\/www.youtube.com\/v\/IYFckwv4mCo\"><img loading=\"lazy\" decoding=\"async\" class=\"aligncenter\" title=\"fritz lang doku\" src=\"http:\/\/img718.imageshack.us\/img718\/4702\/clipboard01bm.jpg\" alt=\"\" width=\"637\" height=\"385\" \/><\/a><\/p>\n","protected":false},"excerpt":{"rendered":"<p>Ich \u00e4rgere mich ein wenig, dass ich keine Karten f\u00fcr die Welturauff\u00fchrung des neu restaurierten Director&#8217;s Cut von Fritz Langs&hellip;<\/p>\n","protected":false},"author":1,"featured_media":0,"comment_status":"open","ping_status":"open","sticky":false,"template":"","format":"standard","meta":{"footnotes":"","_links_to":"","_links_to_target":""},"categories":[7],"tags":[305,1793,1849,1850,3695],"class_list":["post-2099","post","type-post","status-publish","format-standard","hentry","category-film-kultur","tag-arte","tag-frankfurt","tag-fritz-lang","tag-fritz-langs-metropolis","tag-oper"],"_links":{"self":[{"href":"https:\/\/www.gruen-wald.de\/wordpress\/wp-json\/wp\/v2\/posts\/2099","targetHints":{"allow":["GET"]}}],"collection":[{"href":"https:\/\/www.gruen-wald.de\/wordpress\/wp-json\/wp\/v2\/posts"}],"about":[{"href":"https:\/\/www.gruen-wald.de\/wordpress\/wp-json\/wp\/v2\/types\/post"}],"author":[{"embeddable":true,"href":"https:\/\/www.gruen-wald.de\/wordpress\/wp-json\/wp\/v2\/users\/1"}],"replies":[{"embeddable":true,"href":"https:\/\/www.gruen-wald.de\/wordpress\/wp-json\/wp\/v2\/comments?post=2099"}],"version-history":[{"count":0,"href":"https:\/\/www.gruen-wald.de\/wordpress\/wp-json\/wp\/v2\/posts\/2099\/revisions"}],"wp:attachment":[{"href":"https:\/\/www.gruen-wald.de\/wordpress\/wp-json\/wp\/v2\/media?parent=2099"}],"wp:term":[{"taxonomy":"category","embeddable":true,"href":"https:\/\/www.gruen-wald.de\/wordpress\/wp-json\/wp\/v2\/categories?post=2099"},{"taxonomy":"post_tag","embeddable":true,"href":"https:\/\/www.gruen-wald.de\/wordpress\/wp-json\/wp\/v2\/tags?post=2099"}],"curies":[{"name":"wp","href":"https:\/\/api.w.org\/{rel}","templated":true}]}}