{"id":20977,"date":"2012-03-28T00:02:31","date_gmt":"2012-03-27T22:02:31","guid":{"rendered":"http:\/\/blog.coaster.de\/wp\/?p=20977"},"modified":"2012-03-28T00:02:31","modified_gmt":"2012-03-27T22:02:31","slug":"fruhling-am-madron","status":"publish","type":"post","link":"https:\/\/www.gruen-wald.de\/wordpress\/events\/fruhling-am-madron\/","title":{"rendered":"Fr\u00fchling am Madron"},"content":{"rendered":"<p>Besucht habe ich letztens mal den Madron (mehr ein H\u00fchel, knapp unter 1000m). Der Parkplatz war v\u00f6llig \u00fcberf\u00fcllt und ich war geradezu schockiert, wieviel bereits gewandert wurde (kein Wunder bei den ersten Fr\u00fchlingstemperaturen!). Gott sei Dank hatte ich mir eine unbekannte Tour herausgesucht und war somit auf dem Madron der Einzige, der auf dem Trampelpfad unterwegs war. Ein sch\u00f6ner Aussichtsberg ist der Madron zweifelsohne nicht, aber daf\u00fcr hat man dort oben, mit einem Blick \u00fcber eine sehr steile Kante, eine wunderbare Ruhe.<\/p>\n<p>Perfekt f\u00fcr den Fr\u00fchling &#8211; hier ein paar Aufnahmen von unterwegs:<\/p>\n<p style=\"text-align: center;\"><iframe loading=\"lazy\" src=\"http:\/\/www.youtube.com\/embed\/AT88fXk7tow?rel=0\" frameborder=\"0\" width=\"560\" height=\"350\"><\/iframe><\/p>\n","protected":false},"excerpt":{"rendered":"<p>Besucht habe ich letztens mal den Madron (mehr ein H\u00fchel, knapp unter 1000m). Der Parkplatz war v\u00f6llig \u00fcberf\u00fcllt und ich&hellip;<\/p>\n","protected":false},"author":1,"featured_media":0,"comment_status":"open","ping_status":"open","sticky":false,"template":"","format":"standard","meta":{"footnotes":"","_links_to":"","_links_to_target":""},"categories":[6,7],"tags":[534,2097,2422,5549],"class_list":["post-20977","post","type-post","status-publish","format-standard","hentry","category-events","category-film-kultur","tag-besucht","tag-gott","tag-huhel","tag-wunder"],"_links":{"self":[{"href":"https:\/\/www.gruen-wald.de\/wordpress\/wp-json\/wp\/v2\/posts\/20977","targetHints":{"allow":["GET"]}}],"collection":[{"href":"https:\/\/www.gruen-wald.de\/wordpress\/wp-json\/wp\/v2\/posts"}],"about":[{"href":"https:\/\/www.gruen-wald.de\/wordpress\/wp-json\/wp\/v2\/types\/post"}],"author":[{"embeddable":true,"href":"https:\/\/www.gruen-wald.de\/wordpress\/wp-json\/wp\/v2\/users\/1"}],"replies":[{"embeddable":true,"href":"https:\/\/www.gruen-wald.de\/wordpress\/wp-json\/wp\/v2\/comments?post=20977"}],"version-history":[{"count":0,"href":"https:\/\/www.gruen-wald.de\/wordpress\/wp-json\/wp\/v2\/posts\/20977\/revisions"}],"wp:attachment":[{"href":"https:\/\/www.gruen-wald.de\/wordpress\/wp-json\/wp\/v2\/media?parent=20977"}],"wp:term":[{"taxonomy":"category","embeddable":true,"href":"https:\/\/www.gruen-wald.de\/wordpress\/wp-json\/wp\/v2\/categories?post=20977"},{"taxonomy":"post_tag","embeddable":true,"href":"https:\/\/www.gruen-wald.de\/wordpress\/wp-json\/wp\/v2\/tags?post=20977"}],"curies":[{"name":"wp","href":"https:\/\/api.w.org\/{rel}","templated":true}]}}