{"id":20962,"date":"2012-03-26T00:03:55","date_gmt":"2012-03-25T22:03:55","guid":{"rendered":"http:\/\/blog.coaster.de\/wp\/?p=20962"},"modified":"2012-03-26T00:03:55","modified_gmt":"2012-03-25T22:03:55","slug":"wie-surreal-war-das-denn","status":"publish","type":"post","link":"https:\/\/www.gruen-wald.de\/wordpress\/notiz\/wie-surreal-war-das-denn\/","title":{"rendered":"Wie surreal war das denn?"},"content":{"rendered":"<p>Wollte heute bei dem sch\u00f6nen Wetter die Natur genie\u00dfen und bin deswegen kurz in die Voralpen.<\/p>\n<p>Da ich meine Ruhe haben will, habe ich mir einen Berg rausgesucht, auf dem es auf der Alpenvereinskarte \u00fcberhaupt keinen Weg gibt. Nicht mal einen Steig. Im Internet findet man aber Informationen dar\u00fcber, wie man einen versteckten, gehbaren Zugang findet, indem man Telefonmasten abz\u00e4hlt und dann Schritte \u00fcber eine weite Wiese abz\u00e4hlt, um dann am Waldrand einen \u00a0versteckten, verwachsenen Trampelpfad zu entdecken.<\/p>\n<p>Und Mitten in diesem Dickicht umgefallener B\u00e4ume und zugewachsener und vergessener Wege finde ich pl\u00f6tzlich auf einem Plateau das hier im Wald stehen, links und rechts nur die steilen Bergh\u00e4nge:<\/p>\n<p style=\"text-align: center;\"><a class=\"thickbox\" title=\"P1090047.JPG\" href=\"http:\/\/lh6.ggpht.com\/-MBl8c3J7LF8\/T2-ThJNK2UI\/AAAAAAAANVI\/HS1F-kMTr5U\/w1024\/P1090047.JPG\"><img loading=\"lazy\" decoding=\"async\" class=\"aligncenter\" title=\"P1090047.JPG\" src=\"https:\/\/lh6.googleusercontent.com\/-MBl8c3J7LF8\/T2-ThJNK2UI\/AAAAAAAANVI\/HS1F-kMTr5U\/s400\/P1090047.JPG\" alt=\"P1090047.JPG\" width=\"400\" height=\"225\" \/><\/a><\/p>\n<p>Surreal!<\/p>\n","protected":false},"excerpt":{"rendered":"<p>Wollte heute bei dem sch\u00f6nen Wetter die Natur genie\u00dfen und bin deswegen kurz in die Voralpen. Da ich meine Ruhe&hellip;<\/p>\n","protected":false},"author":1,"featured_media":0,"comment_status":"open","ping_status":"open","sticky":false,"template":"","format":"standard","meta":{"footnotes":"","_links_to":"","_links_to_target":""},"categories":[13],"tags":[187,500,2486,5622],"class_list":["post-20962","post","type-post","status-publish","format-standard","hentry","category-notiz","tag-alpenvereinskarte","tag-berg","tag-information","tag-zugang"],"_links":{"self":[{"href":"https:\/\/www.gruen-wald.de\/wordpress\/wp-json\/wp\/v2\/posts\/20962","targetHints":{"allow":["GET"]}}],"collection":[{"href":"https:\/\/www.gruen-wald.de\/wordpress\/wp-json\/wp\/v2\/posts"}],"about":[{"href":"https:\/\/www.gruen-wald.de\/wordpress\/wp-json\/wp\/v2\/types\/post"}],"author":[{"embeddable":true,"href":"https:\/\/www.gruen-wald.de\/wordpress\/wp-json\/wp\/v2\/users\/1"}],"replies":[{"embeddable":true,"href":"https:\/\/www.gruen-wald.de\/wordpress\/wp-json\/wp\/v2\/comments?post=20962"}],"version-history":[{"count":0,"href":"https:\/\/www.gruen-wald.de\/wordpress\/wp-json\/wp\/v2\/posts\/20962\/revisions"}],"wp:attachment":[{"href":"https:\/\/www.gruen-wald.de\/wordpress\/wp-json\/wp\/v2\/media?parent=20962"}],"wp:term":[{"taxonomy":"category","embeddable":true,"href":"https:\/\/www.gruen-wald.de\/wordpress\/wp-json\/wp\/v2\/categories?post=20962"},{"taxonomy":"post_tag","embeddable":true,"href":"https:\/\/www.gruen-wald.de\/wordpress\/wp-json\/wp\/v2\/tags?post=20962"}],"curies":[{"name":"wp","href":"https:\/\/api.w.org\/{rel}","templated":true}]}}