{"id":18137,"date":"2011-10-07T19:55:46","date_gmt":"2011-10-07T17:55:46","guid":{"rendered":"http:\/\/blog.coaster.de\/wp\/?p=18137"},"modified":"2011-10-07T19:55:46","modified_gmt":"2011-10-07T17:55:46","slug":"neustart-fur-die-disney-parks","status":"publish","type":"post","link":"https:\/\/www.gruen-wald.de\/wordpress\/erlebniswelten\/neustart-fur-die-disney-parks\/","title":{"rendered":"Neustart f\u00fcr Disney-Parks?"},"content":{"rendered":"<p>Als ich bei der Europa-Premiere von Ratatouille (Danke, Marco!) mal zu einem Pixar-Animator sagte, dass ich finde, dass Pixar bei den CGI-Animationen f\u00fcr mich die Einzigen sind, bei denen in den Filmen trotz des hohen Corporate-Gehalts noch irgendwie Herzblut, Charakterst\u00e4rke und Charme verspr\u00fcht wird &#8211; etwa so, wie auch die alten Disney-Streifen zeitlos sind, w\u00e4hrend die Disney Company heute bei 3D ziemlich alt aussieht und eher durch gl\u00fcckloses Marketing denn durch Film- oder gar Fan-Verst\u00e4ndnis gl\u00e4nzt &#8211; als ich das bei der Europa-Premiere dem Animator sagte, meinte er nur, es w\u00fcrde ihn nicht wundern. Die Pixar-Leute seien doch eigentlich Disney-Leute. Entweder sie haben mal bei Disney gearbeitet, oder sie w\u00e4ren zumindest mit den Pr\u00e4missen der alten Riege gro\u00df geworden. Jedenfalls habe man die Company verlassen, als das Management wie wild mit merkw\u00fcrdigen Entscheidungen um sich schmiss.<\/p>\n<p>So verwundert es nicht weiter, dass bei den in den letzten Jahren nicht minder gebeutelten Themenparks sich nun auch ein John Lasseter zu Wort meldet &#8211; einst Chef von Pixar (das nun von Disney in weiser Voraussicht gekauft wurde), nun (auch) Chef von Disney Imagineering, der Firma, die f\u00fcr das Attraktionsdesign zust\u00e4ndig ist. Lasseter hat den etwas merkw\u00fcrdig entwickelten Themenpark &#8222;<a href=\"http:\/\/en.wikipedia.org\/wiki\/Disney's_California_Adventure\">Disneys California Adventure<\/a>&#8220; unter die Lupe genommen und beginnt nun mit seinen Aufr\u00e4umarbeiten &#8211; k\u00f6nnte man sagen. In dieser Pr\u00e4sentation auf der Disney Expo erl\u00e4utert er, wie es zu der Integration des &#8222;Cars Land&#8220; in den Themenpark kommt, mit einer wirklich <a href=\"http:\/\/www.motorworldhype.com\/wp-content\/uploads\/2011\/07\/cars_land_radiator_springs_racers_3.jpg\">unfassbar bombastisch<\/a> gestalteten E-Ticket-Attraktion (ab Minute 20!) \u00a0&#8211; und spricht dabei viele der Sachen an, die den Disney-Fans seit Jahren auf dem Herzen liegen und die vom vorherigen Management h\u00e4ufig einfach \u00fcberh\u00f6rt wurden.<\/p>\n<p><a href=\"http:\/\/www.youtube.com\/v\/fN8RiIC2pO8\"><img loading=\"lazy\" decoding=\"async\" class=\"aligncenter size-full wp-image-18138\" title=\"video\" src=\"http:\/\/blog.coaster.de\/wp\/wp-content\/uploads\/video4.jpg\" alt=\"\" width=\"560\" height=\"336\" \/><\/a><\/p>\n<p>Dabei wird der komplette Park &#8222;re-designed&#8220;. Die Schadensbegrenzung des im Schatten der &#8222;Oldies&#8220; vor sich hin vegetierenden Parks l\u00e4sst sich die Disney Company mal schlappe 1.1 Milliarden Dollar kosten. Jetzt bin ich gespannt, ob es Lasseter tats\u00e4chlich gelingt, das Feeling der alten Parks in die modernen Konstrukte von heute zu \u00fcberf\u00fchren. Aber allein die Tatsache, dass man wieder mehr wert auf Thematisierung legt und die Zeiten, wo Disney tats\u00e4chlich ekelhafte Wilde-M\u00e4use in die Parks positioniert hat, nun hoffentlich vorbei sind, stimmt mich ein wenig zuversichtlich.<\/p>\n<p>Allein die Tatsache, dass Lasseter den so lang vermissten Satz fallen l\u00e4sst &#8222;<strong>I was missing a story telling ride combined with thrill<\/strong>&#8220; erw\u00e4rmt mein Herz. Ja! Ja! Endlich, vielleicht werden meine Gebete erh\u00f6rt! Wenn nun so ein Wind auch mal in Paris einziehen w\u00fcrde&#8230;<\/p>\n","protected":false},"excerpt":{"rendered":"<p>Als ich bei der Europa-Premiere von Ratatouille (Danke, Marco!) mal zu einem Pixar-Animator sagte, dass ich finde, dass Pixar bei&hellip;<\/p>\n","protected":false},"author":1,"featured_media":0,"comment_status":"open","ping_status":"open","sticky":false,"template":"","format":"standard","meta":{"footnotes":"","_links_to":"","_links_to_target":""},"categories":[5],"tags":[506,1265],"class_list":["post-18137","post","type-post","status-publish","format-standard","hentry","category-erlebniswelten","tag-berh","tag-disney-fans"],"_links":{"self":[{"href":"https:\/\/www.gruen-wald.de\/wordpress\/wp-json\/wp\/v2\/posts\/18137"}],"collection":[{"href":"https:\/\/www.gruen-wald.de\/wordpress\/wp-json\/wp\/v2\/posts"}],"about":[{"href":"https:\/\/www.gruen-wald.de\/wordpress\/wp-json\/wp\/v2\/types\/post"}],"author":[{"embeddable":true,"href":"https:\/\/www.gruen-wald.de\/wordpress\/wp-json\/wp\/v2\/users\/1"}],"replies":[{"embeddable":true,"href":"https:\/\/www.gruen-wald.de\/wordpress\/wp-json\/wp\/v2\/comments?post=18137"}],"version-history":[{"count":0,"href":"https:\/\/www.gruen-wald.de\/wordpress\/wp-json\/wp\/v2\/posts\/18137\/revisions"}],"wp:attachment":[{"href":"https:\/\/www.gruen-wald.de\/wordpress\/wp-json\/wp\/v2\/media?parent=18137"}],"wp:term":[{"taxonomy":"category","embeddable":true,"href":"https:\/\/www.gruen-wald.de\/wordpress\/wp-json\/wp\/v2\/categories?post=18137"},{"taxonomy":"post_tag","embeddable":true,"href":"https:\/\/www.gruen-wald.de\/wordpress\/wp-json\/wp\/v2\/tags?post=18137"}],"curies":[{"name":"wp","href":"https:\/\/api.w.org\/{rel}","templated":true}]}}