{"id":17017,"date":"2011-09-17T08:00:59","date_gmt":"2011-09-17T06:00:59","guid":{"rendered":"http:\/\/blog.coaster.de\/wp\/?p=17017"},"modified":"2011-09-17T08:00:59","modified_gmt":"2011-09-17T06:00:59","slug":"gardaland-wir-kommen","status":"publish","type":"post","link":"https:\/\/www.gruen-wald.de\/wordpress\/erlebniswelten\/gardaland-wir-kommen\/","title":{"rendered":"Gardaland, wir kommen!"},"content":{"rendered":"<p>Heute geht&#8217;s f\u00fcr das coaster-Blog ins Gardaland, der paradoxerweise von den gro\u00dfen Freizeitparks der am M\u00fcnchen nahezu n\u00e4chstgelegenste ist. Und was k\u00f6nnte einen da besser einstimmen, als ein typisch-italienisches Image-Lied auf, \u00e4\u00e4\u00e4h, musikalisch und textlich allerh\u00f6chstem Niveau! \ud83d\ude09<\/p>\n<p style=\"text-align: center;\"><iframe loading=\"lazy\" width=\"480\" height=\"360\" src=\"http:\/\/www.youtube.com\/embed\/Kjygbx8KF8k?rel=0\" frameborder=\"0\" allowfullscreen><\/iframe><\/p>\n<p>Man muss die Italiener einfach lieben&#8230;<\/p>\n","protected":false},"excerpt":{"rendered":"<p>Heute geht&#8217;s f\u00fcr das coaster-Blog ins Gardaland, der paradoxerweise von den gro\u00dfen Freizeitparks der am M\u00fcnchen nahezu n\u00e4chstgelegenste ist. Und&hellip;<\/p>\n","protected":false},"author":1,"featured_media":0,"comment_status":"open","ping_status":"open","sticky":false,"template":"","format":"standard","meta":{"footnotes":"","_links_to":"","_links_to_target":""},"categories":[5],"tags":[1829,1926],"class_list":["post-17017","post","type-post","status-publish","format-standard","hentry","category-erlebniswelten","tag-freizeitparks","tag-gardaland"],"_links":{"self":[{"href":"https:\/\/www.gruen-wald.de\/wordpress\/wp-json\/wp\/v2\/posts\/17017","targetHints":{"allow":["GET"]}}],"collection":[{"href":"https:\/\/www.gruen-wald.de\/wordpress\/wp-json\/wp\/v2\/posts"}],"about":[{"href":"https:\/\/www.gruen-wald.de\/wordpress\/wp-json\/wp\/v2\/types\/post"}],"author":[{"embeddable":true,"href":"https:\/\/www.gruen-wald.de\/wordpress\/wp-json\/wp\/v2\/users\/1"}],"replies":[{"embeddable":true,"href":"https:\/\/www.gruen-wald.de\/wordpress\/wp-json\/wp\/v2\/comments?post=17017"}],"version-history":[{"count":0,"href":"https:\/\/www.gruen-wald.de\/wordpress\/wp-json\/wp\/v2\/posts\/17017\/revisions"}],"wp:attachment":[{"href":"https:\/\/www.gruen-wald.de\/wordpress\/wp-json\/wp\/v2\/media?parent=17017"}],"wp:term":[{"taxonomy":"category","embeddable":true,"href":"https:\/\/www.gruen-wald.de\/wordpress\/wp-json\/wp\/v2\/categories?post=17017"},{"taxonomy":"post_tag","embeddable":true,"href":"https:\/\/www.gruen-wald.de\/wordpress\/wp-json\/wp\/v2\/tags?post=17017"}],"curies":[{"name":"wp","href":"https:\/\/api.w.org\/{rel}","templated":true}]}}