{"id":16904,"date":"2011-09-02T18:30:18","date_gmt":"2011-09-02T16:30:18","guid":{"rendered":"http:\/\/blog.coaster.de\/wp\/?p=16904"},"modified":"2011-09-02T18:30:18","modified_gmt":"2011-09-02T16:30:18","slug":"jeden-tag-ne-neue-brause-apla","status":"publish","type":"post","link":"https:\/\/www.gruen-wald.de\/wordpress\/bildung\/jeden-tag-ne-neue-brause-apla\/","title":{"rendered":"Jeden Tag ne neue Brause: apla"},"content":{"rendered":"<p><a href=\"http:\/\/blog.coaster.de\/wp\/wp-content\/uploads\/apla.jpg\"><img loading=\"lazy\" decoding=\"async\" class=\"alignleft size-full wp-image-16905\" title=\"apla\" src=\"http:\/\/blog.coaster.de\/wp\/wp-content\/uploads\/apla.jpg\" alt=\"\" width=\"200\" height=\"267\" \/><\/a>&#8222;Es riecht so ein bischen wie diese k\u00fcnstlichen Apfeltees&#8220;, meinte mein Chef.<\/p>\n<p>Und damit liegt er nicht so verkehrt: Ich dachte bei apla zuerst an eine normale Apfelschorle. Der Geschmack kommt aber dem eines k\u00fcnstlichen Apfelaromas deutlich n\u00e4her. Es schmeckt mir dabei garnicht schlecht. Das Aroma geht sehr vollmundig auf &#8211; ein bischen so wie der Apfelgeschmack im Abgang eines Uluda\u011f Gazoz, nur voller. Man k\u00f6nnte apla auch als Mischung aus s\u00fc\u00df-s\u00e4uerlichem Apfelfruchtsaft mit Almdudler vergleichen, mit einer deutlich zuckrigeren Note.<\/p>\n<p>Definitiv keine Apfelschorle, sondern tats\u00e4chlich ein Brausengetr\u00e4nk mit k\u00fcnstlichem Apfelaroma. Wird erneut gek\u00e4uft. Hoffentlich demn\u00e4chst auch mal in der Dose. Abgef\u00fcllt wird \u00fcbrigens von Granini. In Tunesien.<\/p>\n","protected":false},"excerpt":{"rendered":"<p>&#8222;Es riecht so ein bischen wie diese k\u00fcnstlichen Apfeltees&#8220;, meinte mein Chef. Und damit liegt er nicht so verkehrt: Ich&hellip;<\/p>\n","protected":false},"author":1,"featured_media":0,"comment_status":"open","ping_status":"open","sticky":false,"template":"","format":"standard","meta":{"footnotes":"","_links_to":"","_links_to_target":""},"categories":[3],"tags":[183,269],"class_list":["post-16904","post","type-post","status-publish","format-standard","hentry","category-bildung","tag-almdudler","tag-apla"],"_links":{"self":[{"href":"https:\/\/www.gruen-wald.de\/wordpress\/wp-json\/wp\/v2\/posts\/16904"}],"collection":[{"href":"https:\/\/www.gruen-wald.de\/wordpress\/wp-json\/wp\/v2\/posts"}],"about":[{"href":"https:\/\/www.gruen-wald.de\/wordpress\/wp-json\/wp\/v2\/types\/post"}],"author":[{"embeddable":true,"href":"https:\/\/www.gruen-wald.de\/wordpress\/wp-json\/wp\/v2\/users\/1"}],"replies":[{"embeddable":true,"href":"https:\/\/www.gruen-wald.de\/wordpress\/wp-json\/wp\/v2\/comments?post=16904"}],"version-history":[{"count":0,"href":"https:\/\/www.gruen-wald.de\/wordpress\/wp-json\/wp\/v2\/posts\/16904\/revisions"}],"wp:attachment":[{"href":"https:\/\/www.gruen-wald.de\/wordpress\/wp-json\/wp\/v2\/media?parent=16904"}],"wp:term":[{"taxonomy":"category","embeddable":true,"href":"https:\/\/www.gruen-wald.de\/wordpress\/wp-json\/wp\/v2\/categories?post=16904"},{"taxonomy":"post_tag","embeddable":true,"href":"https:\/\/www.gruen-wald.de\/wordpress\/wp-json\/wp\/v2\/tags?post=16904"}],"curies":[{"name":"wp","href":"https:\/\/api.w.org\/{rel}","templated":true}]}}