{"id":16255,"date":"2011-07-22T00:02:35","date_gmt":"2011-07-21T22:02:35","guid":{"rendered":"http:\/\/blog.coaster.de\/wp\/?p=16255"},"modified":"2011-07-22T00:02:35","modified_gmt":"2011-07-21T22:02:35","slug":"warum-es-gut-ist-mit-mir-zu-arbeiten","status":"publish","type":"post","link":"https:\/\/www.gruen-wald.de\/wordpress\/privates\/warum-es-gut-ist-mit-mir-zu-arbeiten\/","title":{"rendered":"Warum es gut ist, mit mir zu arbeiten&#8230;"},"content":{"rendered":"<p>&#8230; weil ich f\u00fcr meine Arbeitskollegen am morgen leckere Waffeln backe! (*bitte ein Shrek-Gesicht einf\u00fcgen*).<\/p>\n<p><a href=\"http:\/\/blog.coaster.de\/wp\/wp-content\/uploads\/DSC000237.jpg\"><img loading=\"lazy\" decoding=\"async\" class=\"aligncenter size-medium wp-image-16256\" title=\"DSC00023\" src=\"http:\/\/blog.coaster.de\/wp\/wp-content\/uploads\/DSC000237-300x225.jpg\" alt=\"\" width=\"300\" height=\"225\" \/><\/a><\/p>\n<p>Und vielleicht glaubt mir C\u00e9cile es nun endlich! So, ich hoffe das ist damit nun endlich gesesselt! (Aprospos: Nette IGDA-Party! Danke, <a href=\"http:\/\/marchsreiter.de\/\">marchsreiter<\/a>!)<\/p>\n","protected":false},"excerpt":{"rendered":"<p>&#8230; weil ich f\u00fcr meine Arbeitskollegen am morgen leckere Waffeln backe! (*bitte ein Shrek-Gesicht einf\u00fcgen*). Und vielleicht glaubt mir C\u00e9cile&hellip;<\/p>\n","protected":false},"author":1,"featured_media":0,"comment_status":"open","ping_status":"open","sticky":false,"template":"","format":"standard","meta":{"footnotes":"","_links_to":"","_links_to_target":""},"categories":[15],"tags":[285,2023],"class_list":["post-16255","post","type-post","status-publish","format-standard","hentry","category-privates","tag-arbeitskollege","tag-gesicht"],"_links":{"self":[{"href":"https:\/\/www.gruen-wald.de\/wordpress\/wp-json\/wp\/v2\/posts\/16255"}],"collection":[{"href":"https:\/\/www.gruen-wald.de\/wordpress\/wp-json\/wp\/v2\/posts"}],"about":[{"href":"https:\/\/www.gruen-wald.de\/wordpress\/wp-json\/wp\/v2\/types\/post"}],"author":[{"embeddable":true,"href":"https:\/\/www.gruen-wald.de\/wordpress\/wp-json\/wp\/v2\/users\/1"}],"replies":[{"embeddable":true,"href":"https:\/\/www.gruen-wald.de\/wordpress\/wp-json\/wp\/v2\/comments?post=16255"}],"version-history":[{"count":0,"href":"https:\/\/www.gruen-wald.de\/wordpress\/wp-json\/wp\/v2\/posts\/16255\/revisions"}],"wp:attachment":[{"href":"https:\/\/www.gruen-wald.de\/wordpress\/wp-json\/wp\/v2\/media?parent=16255"}],"wp:term":[{"taxonomy":"category","embeddable":true,"href":"https:\/\/www.gruen-wald.de\/wordpress\/wp-json\/wp\/v2\/categories?post=16255"},{"taxonomy":"post_tag","embeddable":true,"href":"https:\/\/www.gruen-wald.de\/wordpress\/wp-json\/wp\/v2\/tags?post=16255"}],"curies":[{"name":"wp","href":"https:\/\/api.w.org\/{rel}","templated":true}]}}