{"id":16099,"date":"2011-07-10T23:55:16","date_gmt":"2011-07-10T21:55:16","guid":{"rendered":"http:\/\/blog.coaster.de\/wp\/?p=16099"},"modified":"2011-07-10T23:55:16","modified_gmt":"2011-07-10T21:55:16","slug":"tour-auf-den-breitenstein-10-juli-2011","status":"publish","type":"post","link":"https:\/\/www.gruen-wald.de\/wordpress\/notiz\/tour-auf-den-breitenstein-10-juli-2011\/","title":{"rendered":"Tour auf den Breitenstein (10. Juli 2011)"},"content":{"rendered":"<p>Heute war sie also &#8211; die Tour auf den Breitenstein.<\/p>\n<p>Trotz einiger Skepsis ob des anhaltenden Wetters haben wir uns mit einer gr\u00f6\u00dferen Gruppe auf den Weg ins Mangfallgebirge gemacht. Und tats\u00e4chlich war die Tour gepr\u00e4gt von traumhaften Sonnenschein und nur einzelnen W\u00f6lkchen. Leider hat uns der Wettergott dann kurz vor dem Bahnhof noch einmal mit dem Hagelschauer des Jahrhunderts eingeholt (und damit auch unsere Socken und Unterhosen). Daf\u00fcr entsch\u00e4digte eine Tour, gespickt mit \u00dcberraschungen (wie der Einsatz einer Dampflok auf unserer Strecke), vielen traumhaften Almen, K\u00fchen, ein spontan aus Baden-W\u00fcrttemberg angereister Mitwanderer und einer ordentlichen Ausfallquote von 0%: Jeder hat es auf den nicht ganz so einfachen Breitenstein geschafft.<\/p>\n<p>Wie immer habe ich Euch auch diesmal wieder ein Filmchen davon mitgebracht. Wie immer unbearbeitet und direkte aneinandergereiht (mit minimalen Auslassungen). Eigentlich \u00e4rgert es mich ja, so wenig Zeit f\u00fcr wirklich gute Aufnahmen und noch weniger Zeit f\u00fcr einen Filmschnitt zu haben. Andererseits: Was sollen die Filmaufnahmen auch auf meiner Festplatte versauern? Lieber raus damit. Daf\u00fcr sind sie unbearbeitet und unverf\u00e4lscht:<\/p>\n<p style=\"text-align: center;\">(auf HD schalten f\u00fcr vollen Genuss!):<\/p>\n<p style=\"text-align: center;\"><iframe loading=\"lazy\" width=\"560\" height=\"349\" src=\"http:\/\/www.youtube.com\/embed\/s90shVOPkt8?rel=0&amp;hd=1\" frameborder=\"0\" allowfullscreen><\/iframe><\/p>\n<p style=\"text-align: center;\">(<a href=\"http:\/\/www.youtube.com\/v\/s90shVOPkt8&#038;feature=player_embedded\">Youtube<\/a>)<\/p>\n<p style=\"text-align: center;\"><em>licensed under creative commons by-nc-sa\u00a0<\/em><\/p>\n<p>Immerhin habe ich mir diesmal das AudioSwap-Tool f\u00fcr Youtube gespart, das sonst immer die Musik bei meinen Videos einspielt (und f\u00fcr die rechtliche Lizenz sorgt!). Statt dessen hab ich diesmal selbst vier Musikst\u00fccke in den Audiostream gemischt &#8211; alle unter Creative Commons (nc-by-sa) lizenziert. D.h., ihr d\u00fcrft sie Euch sogar kostenlos runterladen (hurra!). Die verwendeten St\u00fccke sind:<\/p>\n<p>&#8211; Patrick Lee &#8211; Quittin&#8216; Time<br \/>\n&#8211; Au7um &#8211; Time We Dont Have<br \/>\n&#8211; pornophonique &#8211; Sad Robot<br \/>\n&#8211; Andrey Nailer &#8211; Keepsake<\/p>\n","protected":false},"excerpt":{"rendered":"<p>Heute war sie also &#8211; die Tour auf den Breitenstein. Trotz einiger Skepsis ob des anhaltenden Wetters haben wir uns&hellip;<\/p>\n","protected":false},"author":1,"featured_media":0,"comment_status":"open","ping_status":"open","sticky":false,"template":"","format":"standard","meta":{"footnotes":"","_links_to":"","_links_to_target":""},"categories":[13],"tags":[683,4972],"class_list":["post-16099","post","type-post","status-publish","format-standard","hentry","category-notiz","tag-breitenstein","tag-time"],"_links":{"self":[{"href":"https:\/\/www.gruen-wald.de\/wordpress\/wp-json\/wp\/v2\/posts\/16099"}],"collection":[{"href":"https:\/\/www.gruen-wald.de\/wordpress\/wp-json\/wp\/v2\/posts"}],"about":[{"href":"https:\/\/www.gruen-wald.de\/wordpress\/wp-json\/wp\/v2\/types\/post"}],"author":[{"embeddable":true,"href":"https:\/\/www.gruen-wald.de\/wordpress\/wp-json\/wp\/v2\/users\/1"}],"replies":[{"embeddable":true,"href":"https:\/\/www.gruen-wald.de\/wordpress\/wp-json\/wp\/v2\/comments?post=16099"}],"version-history":[{"count":0,"href":"https:\/\/www.gruen-wald.de\/wordpress\/wp-json\/wp\/v2\/posts\/16099\/revisions"}],"wp:attachment":[{"href":"https:\/\/www.gruen-wald.de\/wordpress\/wp-json\/wp\/v2\/media?parent=16099"}],"wp:term":[{"taxonomy":"category","embeddable":true,"href":"https:\/\/www.gruen-wald.de\/wordpress\/wp-json\/wp\/v2\/categories?post=16099"},{"taxonomy":"post_tag","embeddable":true,"href":"https:\/\/www.gruen-wald.de\/wordpress\/wp-json\/wp\/v2\/tags?post=16099"}],"curies":[{"name":"wp","href":"https:\/\/api.w.org\/{rel}","templated":true}]}}