{"id":16007,"date":"2011-07-05T01:05:53","date_gmt":"2011-07-04T23:05:53","guid":{"rendered":"http:\/\/blog.coaster.de\/wp\/?p=16007"},"modified":"2011-07-05T01:05:53","modified_gmt":"2011-07-04T23:05:53","slug":"manchmal-ist-es-gut-altottinger-zu-sein","status":"publish","type":"post","link":"https:\/\/www.gruen-wald.de\/wordpress\/privates\/manchmal-ist-es-gut-altottinger-zu-sein\/","title":{"rendered":"Manchmal ist es gut, Alt\u00f6ttinger zu sein"},"content":{"rendered":"<p>3 Stunden Anfahrt. Privataudienz bei <a href=\"http:\/\/blog.coaster.de\/wp\/wp-content\/uploads\/polt.jpg\"><img loading=\"lazy\" decoding=\"async\" class=\"alignleft size-full wp-image-16004\" title=\"polt\" src=\"http:\/\/blog.coaster.de\/wp\/wp-content\/uploads\/polt.jpg\" alt=\"\" width=\"150\" height=\"155\" \/><\/a>Polt. Worth it.<\/p>\n<p>(Hat versprochen, dass er uns bald besuchen kommt. Bin gespannt. Au\u00dferdem will ich jetzt das <a href=\"http:\/\/www.wasmeier.de\/DAS-MUSEUM.8.0.html\">Museum<\/a> am Schliersee sehen. Bessere Werbung als die eines gen\u00fc\u00dflich Kaffee schl\u00fcrfenden Polts h\u00e4tte es wohl nicht bekommen k\u00f6nnen.)<\/p>\n","protected":false},"excerpt":{"rendered":"<p>3 Stunden Anfahrt. Privataudienz bei Polt. Worth it. (Hat versprochen, dass er uns bald besuchen kommt. Bin gespannt. Au\u00dferdem will&hellip;<\/p>\n","protected":false},"author":1,"featured_media":0,"comment_status":"open","ping_status":"open","sticky":false,"template":"","format":"standard","meta":{"footnotes":"","_links_to":"","_links_to_target":""},"categories":[15],"tags":[],"class_list":["post-16007","post","type-post","status-publish","format-standard","hentry","category-privates"],"_links":{"self":[{"href":"https:\/\/www.gruen-wald.de\/wordpress\/wp-json\/wp\/v2\/posts\/16007"}],"collection":[{"href":"https:\/\/www.gruen-wald.de\/wordpress\/wp-json\/wp\/v2\/posts"}],"about":[{"href":"https:\/\/www.gruen-wald.de\/wordpress\/wp-json\/wp\/v2\/types\/post"}],"author":[{"embeddable":true,"href":"https:\/\/www.gruen-wald.de\/wordpress\/wp-json\/wp\/v2\/users\/1"}],"replies":[{"embeddable":true,"href":"https:\/\/www.gruen-wald.de\/wordpress\/wp-json\/wp\/v2\/comments?post=16007"}],"version-history":[{"count":0,"href":"https:\/\/www.gruen-wald.de\/wordpress\/wp-json\/wp\/v2\/posts\/16007\/revisions"}],"wp:attachment":[{"href":"https:\/\/www.gruen-wald.de\/wordpress\/wp-json\/wp\/v2\/media?parent=16007"}],"wp:term":[{"taxonomy":"category","embeddable":true,"href":"https:\/\/www.gruen-wald.de\/wordpress\/wp-json\/wp\/v2\/categories?post=16007"},{"taxonomy":"post_tag","embeddable":true,"href":"https:\/\/www.gruen-wald.de\/wordpress\/wp-json\/wp\/v2\/tags?post=16007"}],"curies":[{"name":"wp","href":"https:\/\/api.w.org\/{rel}","templated":true}]}}