{"id":15875,"date":"2011-06-26T01:00:42","date_gmt":"2011-06-25T23:00:42","guid":{"rendered":"http:\/\/blog.coaster.de\/wp\/?p=15875"},"modified":"2011-06-26T01:00:42","modified_gmt":"2011-06-25T23:00:42","slug":"sommerrodeln-vom-blomberg","status":"publish","type":"post","link":"https:\/\/www.gruen-wald.de\/wordpress\/privates\/sommerrodeln-vom-blomberg\/","title":{"rendered":"Sommerrodeln vom Blomberg"},"content":{"rendered":"<p>Wir wollten mal kurz was anderes sehen als die City und haben deswegen auf dem Zwieselberg eine kleine Brotzeit gemacht. Unterwegs trafen wir ungew\u00f6hnliche Holzfiguren, durchgeknallte K\u00fche, eine verzauberte Getr\u00e4nkedose und eine h\u00fcbsche, kleine Almwirtschaft.<\/p>\n<p>Eigentliches Ziel war die Abfahrt per Sommerrodel. Folgendes Video bietet einen kleinen Ausschnitt davon&#8230;<\/p>\n<p style=\"text-align: center;\"><iframe loading=\"lazy\" width=\"550\" height=\"343\" src=\"http:\/\/www.youtube.com\/embed\/lxSq3rNjTN4?rel=0\" frameborder=\"0\" allowfullscreen><\/iframe><\/p>\n<p style=\"text-align: center;\">(Quelle: <a href=\"http:\/\/www.youtube.com\/v\/lxSq3rNjTN4&#038;hd=1\">Youtube<\/a>)<\/p>\n<p>(Die etwas finsteren Szenen sind meiner manuell fehlerhaft verstellten Blende geschuldet.)<br \/>\n(Fotos zum Event gibt es <a href=\"\/wp\/?p=16160\">hier<\/a>)<\/p>\n","protected":false},"excerpt":{"rendered":"<p>Wir wollten mal kurz was anderes sehen als die City und haben deswegen auf dem Zwieselberg eine kleine Brotzeit gemacht.&hellip;<\/p>\n","protected":false},"author":1,"featured_media":0,"comment_status":"open","ping_status":"open","sticky":false,"template":"","format":"standard","meta":{"footnotes":"","_links_to":"","_links_to_target":""},"categories":[15],"tags":[707,2363],"class_list":["post-15875","post","type-post","status-publish","format-standard","hentry","category-privates","tag-brotzeit","tag-holzfigur"],"_links":{"self":[{"href":"https:\/\/www.gruen-wald.de\/wordpress\/wp-json\/wp\/v2\/posts\/15875"}],"collection":[{"href":"https:\/\/www.gruen-wald.de\/wordpress\/wp-json\/wp\/v2\/posts"}],"about":[{"href":"https:\/\/www.gruen-wald.de\/wordpress\/wp-json\/wp\/v2\/types\/post"}],"author":[{"embeddable":true,"href":"https:\/\/www.gruen-wald.de\/wordpress\/wp-json\/wp\/v2\/users\/1"}],"replies":[{"embeddable":true,"href":"https:\/\/www.gruen-wald.de\/wordpress\/wp-json\/wp\/v2\/comments?post=15875"}],"version-history":[{"count":0,"href":"https:\/\/www.gruen-wald.de\/wordpress\/wp-json\/wp\/v2\/posts\/15875\/revisions"}],"wp:attachment":[{"href":"https:\/\/www.gruen-wald.de\/wordpress\/wp-json\/wp\/v2\/media?parent=15875"}],"wp:term":[{"taxonomy":"category","embeddable":true,"href":"https:\/\/www.gruen-wald.de\/wordpress\/wp-json\/wp\/v2\/categories?post=15875"},{"taxonomy":"post_tag","embeddable":true,"href":"https:\/\/www.gruen-wald.de\/wordpress\/wp-json\/wp\/v2\/tags?post=15875"}],"curies":[{"name":"wp","href":"https:\/\/api.w.org\/{rel}","templated":true}]}}