{"id":15739,"date":"2011-06-15T18:43:37","date_gmt":"2011-06-15T16:43:37","guid":{"rendered":"http:\/\/blog.coaster.de\/wp\/?p=15739"},"modified":"2011-06-15T18:43:37","modified_gmt":"2011-06-15T16:43:37","slug":"wo-ist-han-ah-spreepark","status":"publish","type":"post","link":"https:\/\/www.gruen-wald.de\/wordpress\/erlebniswelten\/wo-ist-han-ah-spreepark\/","title":{"rendered":"Wo ist Han&#8230; \u00e4h, Spreepark?"},"content":{"rendered":"<p>Immer schon mal gefragt, wie es wirkt, wenn ein Freizeitpark 10 Jahre vermodert und dann pl\u00f6tzlich wieder Leute rein l\u00e4sst? So geschehen im Berliner &#8222;Spreepark&#8220;, der im Mai f\u00fcr ein paar Tage einfach wieder \u00f6ffnete &#8211; mit kaputten Attraktionen, umgekippten Animatronics, kaputten H\u00e4usern und versprayten W\u00e4nden&#8230; Ob der T\u00dcV das alles abgenommen hat?<\/p>\n<p style=\"text-align: center;\"><iframe loading=\"lazy\" width=\"550\" height=\"343\" src=\"http:\/\/www.youtube.com\/embed\/k7ZRoKSeyYg?rel=0\" frameborder=\"0\" allowfullscreen><\/iframe><\/p>\n<p style=\"text-align: left;\">Und wer sich jetzt wundert: Ja, der Film &#8222;Wo ist Hanna?&#8220; spielt genau dort.<\/p>\n","protected":false},"excerpt":{"rendered":"<p>Immer schon mal gefragt, wie es wirkt, wenn ein Freizeitpark 10 Jahre vermodert und dann pl\u00f6tzlich wieder Leute rein l\u00e4sst?&hellip;<\/p>\n","protected":false},"author":1,"featured_media":0,"comment_status":"open","ping_status":"open","sticky":false,"template":"","format":"standard","meta":{"footnotes":"","_links_to":"","_links_to_target":""},"categories":[5],"tags":[245,2200,4710],"class_list":["post-15739","post","type-post","status-publish","format-standard","hentry","category-erlebniswelten","tag-animatronics","tag-han","tag-sst"],"_links":{"self":[{"href":"https:\/\/www.gruen-wald.de\/wordpress\/wp-json\/wp\/v2\/posts\/15739"}],"collection":[{"href":"https:\/\/www.gruen-wald.de\/wordpress\/wp-json\/wp\/v2\/posts"}],"about":[{"href":"https:\/\/www.gruen-wald.de\/wordpress\/wp-json\/wp\/v2\/types\/post"}],"author":[{"embeddable":true,"href":"https:\/\/www.gruen-wald.de\/wordpress\/wp-json\/wp\/v2\/users\/1"}],"replies":[{"embeddable":true,"href":"https:\/\/www.gruen-wald.de\/wordpress\/wp-json\/wp\/v2\/comments?post=15739"}],"version-history":[{"count":0,"href":"https:\/\/www.gruen-wald.de\/wordpress\/wp-json\/wp\/v2\/posts\/15739\/revisions"}],"wp:attachment":[{"href":"https:\/\/www.gruen-wald.de\/wordpress\/wp-json\/wp\/v2\/media?parent=15739"}],"wp:term":[{"taxonomy":"category","embeddable":true,"href":"https:\/\/www.gruen-wald.de\/wordpress\/wp-json\/wp\/v2\/categories?post=15739"},{"taxonomy":"post_tag","embeddable":true,"href":"https:\/\/www.gruen-wald.de\/wordpress\/wp-json\/wp\/v2\/tags?post=15739"}],"curies":[{"name":"wp","href":"https:\/\/api.w.org\/{rel}","templated":true}]}}