{"id":15716,"date":"2011-06-12T00:31:43","date_gmt":"2011-06-11T22:31:43","guid":{"rendered":"http:\/\/blog.coaster.de\/wp\/?p=15716"},"modified":"2011-06-12T00:31:43","modified_gmt":"2011-06-11T22:31:43","slug":"geburtstagsplanung","status":"publish","type":"post","link":"https:\/\/www.gruen-wald.de\/wordpress\/notiz\/geburtstagsplanung\/","title":{"rendered":"Geburtstagsplanung"},"content":{"rendered":"<p>Da ich ja im Juli Geburtstag feiere, muss nat\u00fcrlich rechtzeitig ein Location-Check der Planung vorangestellt werden. Zugegeben: Im Wald war es nicht so einfach, einen Tisch und St\u00fchle aufzutreiben. Wer auch bereit ist, etwas zu stehen, hat ganz klar Vorteile. Trotzdem ist es uns nach etwas Sucherei gegl\u00fcckt, einen Tisch unter einem der h\u00fcbschen B\u00e4ume zu positionieren &#8211; also kurz gesagt: Irgendwie klappt das schon. Essen gibts per Buffet und Bier nat\u00fcrlich in rauhen Mengen. Wobei ich sagen muss, dass ich noch nicht genau wei\u00df, wie der Caterer das im Juli handhaben wird.<\/p>\n<p>Achja: Eintritt inkl. Verpflegung ist frei. Ihr m\u00fcsst Euch aber f\u00fcr den Abend irgendeinen flippigen Firmennamen \u00fcberlegen. Sagen wir mal: Aus steuerlichen Gr\u00fcnden. Oder damit wir halt nicht auffallen. Je nachdem. Nur, damit ihr nachher nicht vom Ablauf irritiert seid.<\/p>\n<p style=\"text-align: center;\"><a href=\"http:\/\/blog.coaster.de\/wp\/wp-content\/uploads\/testlauf.jpg\"><img loading=\"lazy\" decoding=\"async\" class=\"size-full wp-image-15717 aligncenter\" title=\"testlauf\" src=\"http:\/\/blog.coaster.de\/wp\/wp-content\/uploads\/testlauf.jpg\" alt=\"\" width=\"550\" height=\"413\" \/><\/a><br \/>\n<em>Clemens und Tom beim Probesitzen. Dahinter: M\u00fcnchner Traumlandschaften.<\/em><\/p>\n","protected":false},"excerpt":{"rendered":"<p>Da ich ja im Juli Geburtstag feiere, muss nat\u00fcrlich rechtzeitig ein Location-Check der Planung vorangestellt werden. Zugegeben: Im Wald war&hellip;<\/p>\n","protected":false},"author":1,"featured_media":0,"comment_status":"open","ping_status":"open","sticky":false,"template":"","format":"standard","meta":{"footnotes":"","_links_to":"","_links_to_target":""},"categories":[13],"tags":[796,834,3031],"class_list":["post-15716","post","type-post","status-publish","format-standard","hentry","category-notiz","tag-caterer","tag-check","tag-location-check"],"_links":{"self":[{"href":"https:\/\/www.gruen-wald.de\/wordpress\/wp-json\/wp\/v2\/posts\/15716"}],"collection":[{"href":"https:\/\/www.gruen-wald.de\/wordpress\/wp-json\/wp\/v2\/posts"}],"about":[{"href":"https:\/\/www.gruen-wald.de\/wordpress\/wp-json\/wp\/v2\/types\/post"}],"author":[{"embeddable":true,"href":"https:\/\/www.gruen-wald.de\/wordpress\/wp-json\/wp\/v2\/users\/1"}],"replies":[{"embeddable":true,"href":"https:\/\/www.gruen-wald.de\/wordpress\/wp-json\/wp\/v2\/comments?post=15716"}],"version-history":[{"count":0,"href":"https:\/\/www.gruen-wald.de\/wordpress\/wp-json\/wp\/v2\/posts\/15716\/revisions"}],"wp:attachment":[{"href":"https:\/\/www.gruen-wald.de\/wordpress\/wp-json\/wp\/v2\/media?parent=15716"}],"wp:term":[{"taxonomy":"category","embeddable":true,"href":"https:\/\/www.gruen-wald.de\/wordpress\/wp-json\/wp\/v2\/categories?post=15716"},{"taxonomy":"post_tag","embeddable":true,"href":"https:\/\/www.gruen-wald.de\/wordpress\/wp-json\/wp\/v2\/tags?post=15716"}],"curies":[{"name":"wp","href":"https:\/\/api.w.org\/{rel}","templated":true}]}}