{"id":15560,"date":"2011-06-06T00:37:44","date_gmt":"2011-06-05T22:37:44","guid":{"rendered":"http:\/\/blog.coaster.de\/wp\/?p=15560"},"modified":"2011-06-06T00:37:44","modified_gmt":"2011-06-05T22:37:44","slug":"video-vom-hochmiesing-1883m","status":"publish","type":"post","link":"https:\/\/www.gruen-wald.de\/wordpress\/film-kultur\/video-vom-hochmiesing-1883m\/","title":{"rendered":"Video vom Hochmiesing (1883m)"},"content":{"rendered":"<p>Der Grund f\u00fcr meinen Sonnenbrand: Ein Marsch auf den Hochmiesing \u00fcber den Taubenstein, der  Kleintiefenthalalm, dem Miesingsattel und dann oberhalb des Soinsees  \u00fcber die K\u00fcmpfelscharte zum Lempersberg.<\/p>\n<p style=\"text-align: center;\"><iframe loading=\"lazy\" width=\"550\" height=\"343\" src=\"http:\/\/www.youtube.com\/embed\/J6FJD7qdipg?rel=0&amp;hd=1\" frameborder=\"0\" allowfullscreen><\/iframe><\/p>\n","protected":false},"excerpt":{"rendered":"<p>Der Grund f\u00fcr meinen Sonnenbrand: Ein Marsch auf den Hochmiesing \u00fcber den Taubenstein, der Kleintiefenthalalm, dem Miesingsattel und dann oberhalb&hellip;<\/p>\n","protected":false},"author":1,"featured_media":0,"comment_status":"open","ping_status":"open","sticky":false,"template":"","format":"standard","meta":{"footnotes":"","_links_to":"","_links_to_target":""},"categories":[7],"tags":[2346],"class_list":["post-15560","post","type-post","status-publish","format-standard","hentry","category-film-kultur","tag-hochmiesing"],"_links":{"self":[{"href":"https:\/\/www.gruen-wald.de\/wordpress\/wp-json\/wp\/v2\/posts\/15560"}],"collection":[{"href":"https:\/\/www.gruen-wald.de\/wordpress\/wp-json\/wp\/v2\/posts"}],"about":[{"href":"https:\/\/www.gruen-wald.de\/wordpress\/wp-json\/wp\/v2\/types\/post"}],"author":[{"embeddable":true,"href":"https:\/\/www.gruen-wald.de\/wordpress\/wp-json\/wp\/v2\/users\/1"}],"replies":[{"embeddable":true,"href":"https:\/\/www.gruen-wald.de\/wordpress\/wp-json\/wp\/v2\/comments?post=15560"}],"version-history":[{"count":0,"href":"https:\/\/www.gruen-wald.de\/wordpress\/wp-json\/wp\/v2\/posts\/15560\/revisions"}],"wp:attachment":[{"href":"https:\/\/www.gruen-wald.de\/wordpress\/wp-json\/wp\/v2\/media?parent=15560"}],"wp:term":[{"taxonomy":"category","embeddable":true,"href":"https:\/\/www.gruen-wald.de\/wordpress\/wp-json\/wp\/v2\/categories?post=15560"},{"taxonomy":"post_tag","embeddable":true,"href":"https:\/\/www.gruen-wald.de\/wordpress\/wp-json\/wp\/v2\/tags?post=15560"}],"curies":[{"name":"wp","href":"https:\/\/api.w.org\/{rel}","templated":true}]}}