{"id":1524,"date":"2009-10-09T00:00:00","date_gmt":"2009-10-08T23:00:00","guid":{"rendered":"http:\/\/www.coaster.de\/wp\/?p=1524"},"modified":"2009-10-09T00:00:00","modified_gmt":"2009-10-08T23:00:00","slug":"nummer-portiert","status":"publish","type":"post","link":"https:\/\/www.gruen-wald.de\/wordpress\/telekommunikation\/nummer-portiert\/","title":{"rendered":"Nummer portiert!"},"content":{"rendered":"<p>Es ist soweit, meine Nummer wurde bei simyo gel\u00f6scht und wandert jetzt zu solomo. Deswegen bin ich ab sofort bis vermutlich nachmittag nicht unter meiner g\u00e4ngigen Handynummer erreichbar. Ich wei\u00df, es ist hart f\u00fcr euch, aber da m\u00fcsst ihr jetzt durch!<\/p>\n","protected":false},"excerpt":{"rendered":"<p>Es ist soweit, meine Nummer wurde bei simyo gel\u00f6scht und wandert jetzt zu solomo. Deswegen bin ich ab sofort bis&hellip;<\/p>\n","protected":false},"author":1,"featured_media":0,"comment_status":"open","ping_status":"open","sticky":false,"template":"","format":"standard","meta":{"footnotes":"","_links_to":"","_links_to_target":""},"categories":[16],"tags":[],"class_list":["post-1524","post","type-post","status-publish","format-standard","hentry","category-telekommunikation"],"_links":{"self":[{"href":"https:\/\/www.gruen-wald.de\/wordpress\/wp-json\/wp\/v2\/posts\/1524","targetHints":{"allow":["GET"]}}],"collection":[{"href":"https:\/\/www.gruen-wald.de\/wordpress\/wp-json\/wp\/v2\/posts"}],"about":[{"href":"https:\/\/www.gruen-wald.de\/wordpress\/wp-json\/wp\/v2\/types\/post"}],"author":[{"embeddable":true,"href":"https:\/\/www.gruen-wald.de\/wordpress\/wp-json\/wp\/v2\/users\/1"}],"replies":[{"embeddable":true,"href":"https:\/\/www.gruen-wald.de\/wordpress\/wp-json\/wp\/v2\/comments?post=1524"}],"version-history":[{"count":0,"href":"https:\/\/www.gruen-wald.de\/wordpress\/wp-json\/wp\/v2\/posts\/1524\/revisions"}],"wp:attachment":[{"href":"https:\/\/www.gruen-wald.de\/wordpress\/wp-json\/wp\/v2\/media?parent=1524"}],"wp:term":[{"taxonomy":"category","embeddable":true,"href":"https:\/\/www.gruen-wald.de\/wordpress\/wp-json\/wp\/v2\/categories?post=1524"},{"taxonomy":"post_tag","embeddable":true,"href":"https:\/\/www.gruen-wald.de\/wordpress\/wp-json\/wp\/v2\/tags?post=1524"}],"curies":[{"name":"wp","href":"https:\/\/api.w.org\/{rel}","templated":true}]}}