{"id":1517,"date":"2009-10-02T00:00:00","date_gmt":"2009-10-01T23:00:00","guid":{"rendered":"http:\/\/www.coaster.de\/wp\/?p=1517"},"modified":"2009-10-02T00:00:00","modified_gmt":"2009-10-01T23:00:00","slug":"memory-issue","status":"publish","type":"post","link":"https:\/\/www.gruen-wald.de\/wordpress\/notiz\/memory-issue\/","title":{"rendered":"Memory Issue"},"content":{"rendered":"<p>Seit heute tauchen keine neue Blogeintr\u00e4ge mehr auf meinem Webspace auf, weil mir mein Server nur 8 MB Arbeitsspeicher zur Verf\u00fcgung gestellt hat. Ich versuche das zu kl\u00e4ren und mit etwas Gl\u00fcck rutschen diese Eintr\u00e4ge bis Freitag wieder in den sichtbaren Bereich.<\/p>\n","protected":false},"excerpt":{"rendered":"<p>Seit heute tauchen keine neue Blogeintr\u00e4ge mehr auf meinem Webspace auf, weil mir mein Server nur 8 MB Arbeitsspeicher zur&hellip;<\/p>\n","protected":false},"author":1,"featured_media":0,"comment_status":"open","ping_status":"open","sticky":false,"template":"","format":"standard","meta":{"footnotes":"","_links_to":"","_links_to_target":""},"categories":[13],"tags":[287,3253],"class_list":["post-1517","post","type-post","status-publish","format-standard","hentry","category-notiz","tag-arbeitsspeicher","tag-memory-issue"],"_links":{"self":[{"href":"https:\/\/www.gruen-wald.de\/wordpress\/wp-json\/wp\/v2\/posts\/1517"}],"collection":[{"href":"https:\/\/www.gruen-wald.de\/wordpress\/wp-json\/wp\/v2\/posts"}],"about":[{"href":"https:\/\/www.gruen-wald.de\/wordpress\/wp-json\/wp\/v2\/types\/post"}],"author":[{"embeddable":true,"href":"https:\/\/www.gruen-wald.de\/wordpress\/wp-json\/wp\/v2\/users\/1"}],"replies":[{"embeddable":true,"href":"https:\/\/www.gruen-wald.de\/wordpress\/wp-json\/wp\/v2\/comments?post=1517"}],"version-history":[{"count":0,"href":"https:\/\/www.gruen-wald.de\/wordpress\/wp-json\/wp\/v2\/posts\/1517\/revisions"}],"wp:attachment":[{"href":"https:\/\/www.gruen-wald.de\/wordpress\/wp-json\/wp\/v2\/media?parent=1517"}],"wp:term":[{"taxonomy":"category","embeddable":true,"href":"https:\/\/www.gruen-wald.de\/wordpress\/wp-json\/wp\/v2\/categories?post=1517"},{"taxonomy":"post_tag","embeddable":true,"href":"https:\/\/www.gruen-wald.de\/wordpress\/wp-json\/wp\/v2\/tags?post=1517"}],"curies":[{"name":"wp","href":"https:\/\/api.w.org\/{rel}","templated":true}]}}