{"id":1456,"date":"2009-08-02T00:00:00","date_gmt":"2009-08-01T23:00:00","guid":{"rendered":"http:\/\/www.coaster.de\/wp\/?p=1456"},"modified":"2009-08-02T00:00:00","modified_gmt":"2009-08-01T23:00:00","slug":"basti-treffen-in-kolle","status":"publish","type":"post","link":"https:\/\/www.gruen-wald.de\/wordpress\/games\/basti-treffen-in-kolle\/","title":{"rendered":"Basti-Treffen in K\u00f6lle"},"content":{"rendered":"<p>Wir wollen anl\u00e4sslich der im August stattfindenden gamescom die Gelegenheit beim Schopfe packen und einen &#8218;offiziellen&#8216; <b>Adventure-Community-Treff<\/b> ausrufen. Hierzu treffen wir uns nach der Messe zu einem gem\u00fctlichen &#8218;Stammtisch&#8216; in einer Gastst\u00e4tte in K\u00f6ln. Alle Informationen haben wir in einer <a href=http:\/\/www.adventure-treff.de\/artikel\/features\/adventuretreffen09.php>kleinen \u00dcbersicht<\/a> zusammengestellt. W\u00fcrde mich nat\u00fcrlich freuen, wenn auch der ein oder andere Leser des Blogs &#8211; bzw. alle Freunde aus dem Umkreis K\u00f6ln &#8211; auf nen Sprung vorbeikommen und mit dem Basti reden wollen. Wer also noch nicht wusste, ob er zur gamescom kommen soll oder halt generell in K\u00f6ln unterwegs ist, kann am <b>Freitag, den 21.08.<\/b> mal vorbeischauen und dem Basti (und einigen anderen Game-Nerds) &#8218;Hallo&#8216; sagen.<\/p>\n","protected":false},"excerpt":{"rendered":"<p>Wir wollen anl\u00e4sslich der im August stattfindenden gamescom die Gelegenheit beim Schopfe packen und einen &#8218;offiziellen&#8216; Adventure-Community-Treff ausrufen. Hierzu treffen&hellip;<\/p>\n","protected":false},"author":1,"featured_media":0,"comment_status":"open","ping_status":"open","sticky":false,"template":"","format":"standard","meta":{"footnotes":"","_links_to":"","_links_to_target":""},"categories":[9],"tags":[119,1892,3527,4123],"class_list":["post-1456","post","type-post","status-publish","format-standard","hentry","category-games","tag-adventure-community","tag-game","tag-nerds","tag-reden"],"_links":{"self":[{"href":"https:\/\/www.gruen-wald.de\/wordpress\/wp-json\/wp\/v2\/posts\/1456","targetHints":{"allow":["GET"]}}],"collection":[{"href":"https:\/\/www.gruen-wald.de\/wordpress\/wp-json\/wp\/v2\/posts"}],"about":[{"href":"https:\/\/www.gruen-wald.de\/wordpress\/wp-json\/wp\/v2\/types\/post"}],"author":[{"embeddable":true,"href":"https:\/\/www.gruen-wald.de\/wordpress\/wp-json\/wp\/v2\/users\/1"}],"replies":[{"embeddable":true,"href":"https:\/\/www.gruen-wald.de\/wordpress\/wp-json\/wp\/v2\/comments?post=1456"}],"version-history":[{"count":0,"href":"https:\/\/www.gruen-wald.de\/wordpress\/wp-json\/wp\/v2\/posts\/1456\/revisions"}],"wp:attachment":[{"href":"https:\/\/www.gruen-wald.de\/wordpress\/wp-json\/wp\/v2\/media?parent=1456"}],"wp:term":[{"taxonomy":"category","embeddable":true,"href":"https:\/\/www.gruen-wald.de\/wordpress\/wp-json\/wp\/v2\/categories?post=1456"},{"taxonomy":"post_tag","embeddable":true,"href":"https:\/\/www.gruen-wald.de\/wordpress\/wp-json\/wp\/v2\/tags?post=1456"}],"curies":[{"name":"wp","href":"https:\/\/api.w.org\/{rel}","templated":true}]}}