{"id":1351,"date":"2009-04-19T00:00:00","date_gmt":"2009-04-18T23:00:00","guid":{"rendered":"http:\/\/www.coaster.de\/wp\/?p=1351"},"modified":"2009-04-19T00:00:00","modified_gmt":"2009-04-18T23:00:00","slug":"die-dokumentation-des-missbrauchs-entfernen","status":"publish","type":"post","link":"https:\/\/www.gruen-wald.de\/wordpress\/internet-co\/die-dokumentation-des-missbrauchs-entfernen\/","title":{"rendered":"Die Dokumentation des Missbrauchs entfernen"},"content":{"rendered":"<p>Gestern hatte ich geschrieben&#8230; <quote>(Es gibt Verschw\u00f6rungstheoretiker, die besagen), die Kinderpornographie sowie der Mi\u00dfbrauch von Kindern und Jugendlichen sei in hohen Machtpositionen, gerade in der Politik, Gang und Gebe. Sie sei das Vehikel zum Druckablassen f\u00fcr die enorme Verantwortung, denen derartige Politiker ausgesetzt sind. Von daher komme auch die Beobachtung, dass die Politik lieber den Zugang zu diesem Material verbietet als die Verfolgung der Urheber. Der Druck auf die Justiz sei enorm &#8211; genauso wie das Blackmailing m\u00f6glicher T\u00e4ter. Autor Andreas Hau\u00df dazu in einer kurzen Analyse: &#8218;Es gibt ja Leute, die sich fragen, wieso manche Politiker so handeln wie sie handeln. Das Erpressungspotential muss gewaltig sein.&#8216;<\/quote><\/p>\n<p class=itemText> Am Wochenende schreibt der Gr\u00fcnder des Vereins &#8218;MissbrauchsOpfer Gegen InternetSperren&#8216;, Bahls, der selbst Mi\u00dfbrauchsopfer ist in der Zeit, er sei gegen den Plan der Internetzensur, der im \u00fcbrigens am Wochenende in Deutschland tats\u00e4chlich mit den Providern unterzeichnet wurde. <i>&#8218;(W)eil er Kinderpornografie nicht bek\u00e4mpft. Da ist irgendwo im Internet ein Missbrauch dokumentiert und die Bundesregierung schaut weg. Und sagt uns B\u00fcrgern, wir sollen auch wegschauen. Was noch viel krasser ist: Es werden zwischen den Staaten nur die Sperrlisten f\u00fcr die Filter ausgetauscht. Doch niemand bek\u00e4mpft in seinem eigenen Land die Server, auf denen die Inhalte lagern. Wenn die zu den 1.500 Adressen geh\u00f6renden Server in den USA, Holland, Kanada und Deutschland dichtgemacht w\u00fcrden, die derzeit existieren, w\u00e4ren 90 Prozent der weltweit mit einem Browser erreichbaren Kinderpornografie nicht mehr verf\u00fcgbar. Auf der norwegischen Sperrliste, die das Bundeskriminalamt unter anderem verwenden will, sind beispielsweise auch 25 deutsche Server verzeichnet, mit 70 genuinen Domain-Namen. Insgesamt gibt es hierzulande sogar \u00fcber 200 Domain-Namen. Von denen ist ein gro\u00dfer Teil bei einer Firma geparkt, auf deren Seite Domains verkauft werden k\u00f6nnen. Damit hat diese Firma wahrscheinlich echte Kontaktdaten. Wie sollen sonst die Verk\u00e4ufe abgewickelt werden? Das Bundeskriminalamt m\u00fcsste nur zu dieser Firma gehen und die Inhaber der Domains ermitteln. (&#8230;) Ich habe (Frau van der Leyen) eine E-Mail geschrieben, dass es (&#8230;) einen aktiven Server gibt, der mit einer Wahrscheinlichkeit von 99,5 Prozent in Deutschland steht, h\u00f6chstwahrscheinlich in Kiel. Das BKA behauptet, dass es nicht wei\u00df, wo die Server sind. M\u00f6glicherweise benutzen die nur Windows und haben keine Ahnung, wie man solche Sperrlisten sachgerecht auswertet. (&#8230;) Wir haben ihrem B\u00fcro diesen Server in Kiel genannt, auf dem vermutlich 18 kinderpornografische Domains liegen. Wir haben nun darum gebeten, dass diese Domains und der Server sobald wie m\u00f6glich abgeschaltet werden. (&#8230;) Daraufhin ist meine Nachricht noch einmal an das Ministerb\u00fcro zur\u00fcckgeleitet worden. Die war bereits auf dem Weg in die Unterabteilung f\u00fcr Kinder- und Jugendhilfe. Das m\u00fcssen Sie sich vorstellen&#8230; Ich habe da eine Straftat zur Kenntnis gebracht und sie waren dabei, das einfach nur an das Referat weiterzuleiten. Dabei behaupten sie immer, sie wollten Kinderpornografie im Internet bek\u00e4mpfen. (&#8230;) Ich f\u00fchle mich wieder zum Opfer gemacht. Ich f\u00fchle mich in der Debatte f\u00fcr ein politisches Ziel missbraucht. Denn die Regierung will nur die Verbreitung der &#8218;Dokumentation des Missbrauchs&#8216; einschr\u00e4nken, nicht den Missbrauch selbst. (&#8230;) Es wird eine schleichende Internetzensur aufgebaut, keine Strafverfolgung. Das alles ist nur m\u00f6glich, weil das Tabu Kinderpornografie instrumentalisiert wird: Das ist so b\u00f6se, da darf man gar nicht offen dr\u00fcber diskutieren. Das ist das gleiche Muster wie in den Familien, in deren Umfeld Missbrauch geschieht.&#8216; <\/i> <a href=http:\/\/www.golem.de\/0904\/66528.html>Zum gesamten Artikel<\/a>&#8230; Ich finde die gew\u00e4hlten Worte sehr m\u00e4chtig, wobei ich sonst zugegeben keine wirklich dedizierte Meinung zu dem Unterfangen habe, so einen Verein zu gr\u00fcnden. Die einen k\u00f6nnten sagen, er unterst\u00fctzt P\u00e4dophile in ihrem Bestreben, m\u00f6glichst schnell und einfach weiterhin an ihre Ware zu kommen. Andere k\u00f6nnten aber auch sagen, wie eben Bahls, die Internetzensur sch\u00fctzt im Gegenteil gerade die p\u00e4dophile Szene, da sie nun medientechnisch noch weniger in Erscheinen tritt. Ob die Macher dieser Streifen angesichts von F\u00e4llen wie Dutroux (morgen mehr) es wirklich n\u00f6tig haben, das m\u00f6glichst offen zu vertreiben wage ich zu bezweifeln, da die Klientel ohnehin elit\u00e4r unter sich verweilt. H\u00f6re ich mir die Pressekonferenz von <a href=http:\/\/ccc.de\/updates\/2009\/filter-mitschnitt?language=de>van der Leyen<\/a> an, stelle ich jedenfalls eines mit Schrecken fest: Tats\u00e4chlich, sie wollen <b>den kleinen B\u00fcrger<\/b>, der auf Grund von <b>Neugier<\/b> auf die Seiten klickt. Sie wollen ganz konkret <b>nicht<\/b> den P\u00e4dophilen damit erwischen, weil der &#8218;wei\u00df ja eh wie&#8217;s umgangen wird&#8216;. Klar, die Szene ist m\u00e4chtig, die Szene ist h\u00e4ufig sehr wohlhabend, die Filme sind teuer. Vielleicht haben sie keinen Bock mehr auf Leaks ins Netz? Man m\u00f6ge mich daf\u00fcr hauen, aber ich halte es nicht f\u00fcr v\u00f6llig ausgeschlossen, dass die Hersteller-Szene garnicht so ungl\u00fccklich dar\u00fcber ist, vom herk\u00f6mmlichem Internet abgeschnitten zu sein &#8211; vorausgesetzt, die Kriminal\u00e4mter handeln weiterhin so lax wie eh schon. Tun sie das weiter, nimmt mit der Zensur zumindest die Anzeigenh\u00e4ufigkeit ab &#8211; denn der Normalb\u00fcrger, der diese Schandtaten melden w\u00fcrde, hat ab sofort keinen Zugriff mehr darauf. Und das BKA, das nur allein die Server kennt, raucht sch\u00f6n weiter seine Zigarette und g\u00e4hnt&#8230;<\/p>\n","protected":false},"excerpt":{"rendered":"<p>Gestern hatte ich geschrieben&#8230; (Es gibt Verschw\u00f6rungstheoretiker, die besagen), die Kinderpornographie sowie der Mi\u00dfbrauch von Kindern und Jugendlichen sei in&hellip;<\/p>\n","protected":false},"author":1,"featured_media":0,"comment_status":"open","ping_status":"open","sticky":false,"template":"","format":"standard","meta":{"footnotes":"","_links_to":"","_links_to_target":""},"categories":[11],"tags":[737,1170,1205,1299,2352],"class_list":["post-1351","post","type-post","status-publish","format-standard","hentry","category-internet-co","tag-bundeskriminalamt","tag-den-plan","tag-deutsche-server","tag-domain-namen","tag-holland"],"_links":{"self":[{"href":"https:\/\/www.gruen-wald.de\/wordpress\/wp-json\/wp\/v2\/posts\/1351"}],"collection":[{"href":"https:\/\/www.gruen-wald.de\/wordpress\/wp-json\/wp\/v2\/posts"}],"about":[{"href":"https:\/\/www.gruen-wald.de\/wordpress\/wp-json\/wp\/v2\/types\/post"}],"author":[{"embeddable":true,"href":"https:\/\/www.gruen-wald.de\/wordpress\/wp-json\/wp\/v2\/users\/1"}],"replies":[{"embeddable":true,"href":"https:\/\/www.gruen-wald.de\/wordpress\/wp-json\/wp\/v2\/comments?post=1351"}],"version-history":[{"count":0,"href":"https:\/\/www.gruen-wald.de\/wordpress\/wp-json\/wp\/v2\/posts\/1351\/revisions"}],"wp:attachment":[{"href":"https:\/\/www.gruen-wald.de\/wordpress\/wp-json\/wp\/v2\/media?parent=1351"}],"wp:term":[{"taxonomy":"category","embeddable":true,"href":"https:\/\/www.gruen-wald.de\/wordpress\/wp-json\/wp\/v2\/categories?post=1351"},{"taxonomy":"post_tag","embeddable":true,"href":"https:\/\/www.gruen-wald.de\/wordpress\/wp-json\/wp\/v2\/tags?post=1351"}],"curies":[{"name":"wp","href":"https:\/\/api.w.org\/{rel}","templated":true}]}}