{"id":1350,"date":"2009-04-18T00:00:00","date_gmt":"2009-04-17T23:00:00","guid":{"rendered":"http:\/\/www.coaster.de\/wp\/?p=1350"},"modified":"2009-04-18T00:00:00","modified_gmt":"2009-04-17T23:00:00","slug":"der-film-als-martyrium","status":"publish","type":"post","link":"https:\/\/www.gruen-wald.de\/wordpress\/film-kultur\/der-film-als-martyrium\/","title":{"rendered":"Der Film als Martyrium"},"content":{"rendered":"<p>Ich muss zugeben &#8211; immer wenn ich glaube, die Franzosen k\u00f6nnen einen nicht noch mehr terrorisieren (Hallo, Alexandre Aja!), kommt Pascal Laugier daher und liefert mit <b>Martyrs<\/b> eines der fiesten Werke des franz\u00f6sischen Thriller-Genres ab. So real fies, dass selbst Franzosen es zun\u00e4chst nicht in ihren Kinos sehen wollten (siehe Dokumentation <a href=http:\/\/fredambroisine.com\/videos\/080903martyrsE.htm>(Martyrs VS Censorship)<\/a>. Ohne Zweifel kein leicht verdaulicher Film und eine metaphorische Gesellschaftsabhandlung, die irgendwie auch gerade in den derzeitigen Kinderpornographie-Wahnsinn passt, aber de facto auf was ganz anderes hinaus will und Kindesmi\u00dfhandlung vor allem als Ventilachse der Machtperversion der Elite definiert. Passt damit auch ganz gut in eine aktuelle, r\u00e4usper, hochspekulative Verschw\u00f6rungstheorie (wieviel gibt&#8217;s davon eigentlich?) die besagt, die Kinderpornographie sowie der Mi\u00dfbrauch von Kindern und Jugendlichen sei in hohen Machtpositionen, gerade in der Politik, Gang und Gebe. Sie sei das Vehikel zum Druckablassen f\u00fcr die enorme Verantwortung, denen derartige Politiker ausgesetzt sind. Von daher komme auch die Beobachtung, dass die Politik lieber den Zugang zu diesem Material verbietet als die Verfolgung der Urheber. Der Druck auf die Justiz sei enorm &#8211; genauso wie das Blackmailing m\u00f6glicher T\u00e4ter. Autor Andreas Hau\u00df dazu in einer kurzen Analyse: &#8218;Es gibt ja Leute, die sich fragen, wieso manche Politiker so handeln wie sie handeln. Das Erpressungspotential muss gewaltig sein.&#8216; Irgendwie klingt das in dem Film durch, selbst wenn die Taten der Mi\u00dfbraucher am Ende zumindest zum Teil ges\u00fchnt werden. Magenschmerzen-Kino-Empfehlung f\u00fcr Hartgesottene oder Gesellschaftskritiker, das als Rape-And-Revenge beginnt und als Martyrium endet:<\/p>\n<p align=center><object width='425' height='344'><param name='movie' value='http:\/\/www.youtube.com\/v\/ZNM9kKo4JNU&#038;hl=de&#038;fs=1'><\/param><param name='allowFullScreen' value='true'><\/param><param name='allowscriptaccess' value='always'><\/param><embed src='http:\/\/www.youtube.com\/v\/ZNM9kKo4JNU&#038;hl=de&#038;fs=1' type='application\/x-shockwave-flash' allowscriptaccess='always' allowfullscreen='true' width='425' height='344'><\/embed><\/object><\/p>\n","protected":false},"excerpt":{"rendered":"<p>Ich muss zugeben &#8211; immer wenn ich glaube, die Franzosen k\u00f6nnen einen nicht noch mehr terrorisieren (Hallo, Alexandre Aja!), kommt&hellip;<\/p>\n","protected":false},"author":1,"featured_media":0,"comment_status":"open","ping_status":"open","sticky":false,"template":"","format":"standard","meta":{"footnotes":"","_links_to":"","_links_to_target":""},"categories":[7],"tags":[168,1674,3168,3775,4088],"class_list":["post-1350","post","type-post","status-publish","format-standard","hentry","category-film-kultur","tag-alexandre-aja","tag-fies","tag-martyrs","tag-pascal-laugier","tag-rape-and-revenge"],"_links":{"self":[{"href":"https:\/\/www.gruen-wald.de\/wordpress\/wp-json\/wp\/v2\/posts\/1350"}],"collection":[{"href":"https:\/\/www.gruen-wald.de\/wordpress\/wp-json\/wp\/v2\/posts"}],"about":[{"href":"https:\/\/www.gruen-wald.de\/wordpress\/wp-json\/wp\/v2\/types\/post"}],"author":[{"embeddable":true,"href":"https:\/\/www.gruen-wald.de\/wordpress\/wp-json\/wp\/v2\/users\/1"}],"replies":[{"embeddable":true,"href":"https:\/\/www.gruen-wald.de\/wordpress\/wp-json\/wp\/v2\/comments?post=1350"}],"version-history":[{"count":0,"href":"https:\/\/www.gruen-wald.de\/wordpress\/wp-json\/wp\/v2\/posts\/1350\/revisions"}],"wp:attachment":[{"href":"https:\/\/www.gruen-wald.de\/wordpress\/wp-json\/wp\/v2\/media?parent=1350"}],"wp:term":[{"taxonomy":"category","embeddable":true,"href":"https:\/\/www.gruen-wald.de\/wordpress\/wp-json\/wp\/v2\/categories?post=1350"},{"taxonomy":"post_tag","embeddable":true,"href":"https:\/\/www.gruen-wald.de\/wordpress\/wp-json\/wp\/v2\/tags?post=1350"}],"curies":[{"name":"wp","href":"https:\/\/api.w.org\/{rel}","templated":true}]}}