{"id":1321,"date":"2009-03-20T00:00:00","date_gmt":"2009-03-19T23:00:00","guid":{"rendered":"http:\/\/www.coaster.de\/wp\/?p=1321"},"modified":"2009-03-20T00:00:00","modified_gmt":"2009-03-19T23:00:00","slug":"the-winnenden-conspiracy-files-i","status":"publish","type":"post","link":"https:\/\/www.gruen-wald.de\/wordpress\/artikel\/the-winnenden-conspiracy-files-i\/","title":{"rendered":"The Winnenden Conspiracy Files (I)"},"content":{"rendered":"<p><img src='http:\/\/img3.imageshack.us\/img3\/9758\/20090312amokar.jpg' border=0 style='float:left, margin-right:20px, margin-bottom:10px'>Am Tag des Massakers in Winnenden war ich wie immer flei\u00dfig arbeiten. In der Regel kriegt man w\u00e4hrenddessen nicht so wirklich mit, was da drau\u00dfen in der freien Welt vor sich geht. Diesmal war es anders. Ein Fernsehteam war bei uns im Haus. Tja, und deren Kollegen waren, wie sollte es auch anders sein, direkt in Winnenden, um von dem Ungl\u00fcck zu berichten. Was h\u00f6re ich da zun\u00e4chst? Amokl\u00e4ufer, ein Sch\u00fcler, bringt zig Jugendliche und Lehrer um &#8211; und ist soeben von der Polizei erscho\u00dfen worden. &#8218;Krass&#8216;, denke ich mir. &#8218;Polizei erschie\u00dft nen Sch\u00fcler. Das wird Debatten geben. Bin gespannt, ob sich das mit irgendwas rechtfertigen l\u00e4sst. Immerhin wird dadurch hoffentlich die Killerspieldebatte nicht neu aufgeheizt.&#8216; Bei meiner schnellen Google News suche finde ich noch zwei weitere interesannte Aspekte: &#8211; Ein Sondereinsatzkommando war an dem Tag in Winnenden aktiv (etwa die GSG 9?) &#8211; Tim K. habe angeblich keine &#8218;Killerspiele&#8216; gespielt und Klassik geh\u00f6rt (u.a. <a href=http:\/\/www.stern.de\/panorama\/:Klassenkamerad-Einen-Freund\/657471.html>hier<\/a>). Der Produktionsleiter des ZDF &#8218;witzelt&#8216; noch mit mir, ob sie jetzt wohl endlich ein Klassikverbot einf\u00fchren. Als ich mich am sp\u00e4ten Abend auf den neuesten Stand bringe staune ich nicht schlecht: Jetzt haben sie pl\u00f6tzlich doch Counter Strike auf seinem Rechner gefunden und der Junge sei nicht erschossen worden sondern habe sich selbst hingerichtet. Ich gucke selbst nach und tats\u00e4chlich, bei der <a href=http:\/\/www.sueddeutsche.de\/panorama\/679\/461305\/text\/>S\u00fcddeutschen<\/a> hei\u00dft es weiterhin: <i>&#8218;Laut Polizei hatte der T\u00e4ter auf der Flucht ein Auto entf\u00fchrt, die Insassen gehen lassen und war ins etwa 40 Kilometer entfernte Wendlingen geflohen. Dort habe es einen Schusswechsel vor einem Briefverteilzentrum gegeben, bei dem auch zwei Passanten get\u00f6tet worden seien. <b>Anschlie\u00dfend t\u00f6tete die Polizei den Amokl\u00e4ufer.<\/b>&#8218;<\/i> Sp\u00e4ter ist von dieser Meldung nichts mehr zu lesen. Tim K. habe sich selbst gerichtet, hei\u00dft es dann pl\u00f6tzlich. Nat\u00fcrlich ist mir auch klar, dass gesicherte Informationen bei einem solchen Ereignis schwierig zu erfassen sind. Trotzdem bin ich die n\u00e4chsten Tage mal aufmerksam auf m\u00f6gliche weiterer &#8218;Pannen&#8216; geblieben. Und die haben ja bekanntlich nicht lange auf sich warten lassen. Je \u00f6fter so eine Geschichte ge\u00e4ndert wird, desto weiter entfernen wie uns von der Wahrheit &#8211; das ist meine These. 9\/11, 7\/7 oder M\u00f6llemann sind f\u00fcr mich da nur die besten Beispiele. Ich behaupte, auch im &#8218;Kleinen&#8216; l\u00e4sst sich was finden. Was Winnenden betrifft habe zugegeben nicht wirklich viel in der Hand. Ich habe nur ein Gef\u00fchl, dass an der Geschichte irgendwas nicht stimmt. Warum erkl\u00e4re ich in den kommenden Tagen in einigen ganz kurzen Beitr\u00e4gen. Durch die Arbeit bin ich in der Regel schreibfaul geworden &#8211; also bitte ich m\u00f6gliche Kurzzusammenfassungen mit wenig Stil einfach zu entschuldigen. Bis dahin: Seid wachsam! \ud83d\ude42<\/p>\n","protected":false},"excerpt":{"rendered":"<p>Am Tag des Massakers in Winnenden war ich wie immer flei\u00dfig arbeiten. In der Regel kriegt man w\u00e4hrenddessen nicht so&hellip;<\/p>\n","protected":false},"author":1,"featured_media":0,"comment_status":"open","ping_status":"open","sticky":false,"template":"","format":"standard","meta":{"footnotes":"","_links_to":"","_links_to_target":""},"categories":[2],"tags":[978,2093,2094,2831],"class_list":["post-1321","post","type-post","status-publish","format-standard","hentry","category-artikel","tag-conspiracy-files","tag-google","tag-google-news","tag-kollegen"],"_links":{"self":[{"href":"https:\/\/www.gruen-wald.de\/wordpress\/wp-json\/wp\/v2\/posts\/1321","targetHints":{"allow":["GET"]}}],"collection":[{"href":"https:\/\/www.gruen-wald.de\/wordpress\/wp-json\/wp\/v2\/posts"}],"about":[{"href":"https:\/\/www.gruen-wald.de\/wordpress\/wp-json\/wp\/v2\/types\/post"}],"author":[{"embeddable":true,"href":"https:\/\/www.gruen-wald.de\/wordpress\/wp-json\/wp\/v2\/users\/1"}],"replies":[{"embeddable":true,"href":"https:\/\/www.gruen-wald.de\/wordpress\/wp-json\/wp\/v2\/comments?post=1321"}],"version-history":[{"count":0,"href":"https:\/\/www.gruen-wald.de\/wordpress\/wp-json\/wp\/v2\/posts\/1321\/revisions"}],"wp:attachment":[{"href":"https:\/\/www.gruen-wald.de\/wordpress\/wp-json\/wp\/v2\/media?parent=1321"}],"wp:term":[{"taxonomy":"category","embeddable":true,"href":"https:\/\/www.gruen-wald.de\/wordpress\/wp-json\/wp\/v2\/categories?post=1321"},{"taxonomy":"post_tag","embeddable":true,"href":"https:\/\/www.gruen-wald.de\/wordpress\/wp-json\/wp\/v2\/tags?post=1321"}],"curies":[{"name":"wp","href":"https:\/\/api.w.org\/{rel}","templated":true}]}}