{"id":1307,"date":"2009-03-06T00:00:00","date_gmt":"2009-03-05T23:00:00","guid":{"rendered":"http:\/\/www.coaster.de\/wp\/?p=1307"},"modified":"2009-03-06T00:00:00","modified_gmt":"2009-03-05T23:00:00","slug":"gluck-allein","status":"publish","type":"post","link":"https:\/\/www.gruen-wald.de\/wordpress\/privates\/gluck-allein\/","title":{"rendered":"Gl\u00fcck allein&#8230;"},"content":{"rendered":"<p>Seit 1. Januar wohn ich nicht mehr in Wiesbaden sondern in Frankfurt. Ab und zu ist es mal ganz gut, durch etwas r\u00e4umliche Distanz auch Distanz zur Arbeitswelt zu kriegen. Frankfurt ist eigentlich als Stadt relativ, sagen wir, &#8218;\u00fcberschaubar&#8216;, aber ich f\u00fchle mich soweit ganz wohl. So nach und nach bekommt auch mein Zimmer ein Gesicht. Bilder gef\u00e4llig?<\/p>\n<p align=center><img src='\/uploads\/photos\/1400.jpg'><\/p>\n<p class=itemText>Mein Arbeitsplatz, wo ich grad diese Zeilen tippe. TFT-Bildschirm als Gratis-Zugabe von eteleon.de, auf dem Schreibtisch arbeitet ein ASUS Bookshelf-PC mit einem AMD X2 6000+.<\/p>\n<p align=center><img src='\/uploads\/photos\/1404.jpg'><\/p>\n<p class=itemText>Mein Medienregal hab ich als einer der wenigen Sachen von zu Hause nicht entsorgt. Rund 1\/3 meiner DVDs sind hier \u00fcber mehrere Ebenen verstaut. Und nat\u00fcrlich Games und Comics usw&#8230;<\/p>\n<p align=center><img src='\/uploads\/photos\/1412.jpg'><\/p>\n<p class=itemText>Showcases f\u00fcr Filme&#8230;<\/p>\n<p align=center><img src='\/uploads\/photos\/1413.jpg'><\/p>\n<p class=itemText>&#8230; und Games &#8230;<\/p>\n<p align=center><img src='\/uploads\/photos\/1408.jpg'><\/p>\n<p class=itemText>&#8230; und B\u00fccher!<\/p>\n<p align=center><img src='\/uploads\/photos\/1403.jpg'><\/p>\n<p class=itemText>Mein Bett, endlich ein gro\u00dfes! Die seitlich flankierten Schubladen sind exakt auf der H\u00f6he der Matratze und vergr\u00f6\u00dfern die Auflagefl\u00e4che so zus\u00e4tzlich! \ud83d\ude42<\/p>\n<p align=center><img src='\/uploads\/photos\/1407.jpg'><\/p>\n<p class=itemText>Am Kopfende liegt mein Ipod-Dock das neben meinem Ipod auch meinem Computer als Soundausgabe-Ger\u00e4t dient. Die Holzummantelung passte irgendwie grad ziemlich gut auf das Schubladenset und nutzt die Dachschr\u00e4ge gut aus!<\/p>\n<p align=center><img src='\/uploads\/photos\/1409.jpg'><\/p>\n<p class=itemText>Hier nochmal das Ipod Dock. Da man den Ipod Touch wunderbar als Internet-Radio-Empf\u00e4nger nutzen kann hab ich damit auch gleich einen Radio mit an die 5000 Stationen. Im Vordergrund: Lavalampe. Ja, ich bin retro. ,-)<\/p>\n<p align=center><img src='\/uploads\/photos\/1410.jpg'><\/p>\n<p class=itemText>Nochmal Kitsch: Die Kugeln am Kopfende k\u00f6nnen ihre Farbe wechseln. ,-)<\/p>\n<p align=center><img src='\/uploads\/photos\/1402.jpg'><\/p>\n<p class=itemText>Da ist meine Kleidung drin. Derzeit rechts und links mit Deckenstrahlern flankiert.<\/p>\n<p align=center><img src='\/uploads\/photos\/1401.jpg'><\/p>\n<p class=itemText>Blick vom Bett nach vorne: Meine Konsolenbank mit Nintendo Wii, XBox 360 und dem 3D-Homekino-System. Ein 40 Zoll-Fernseher kommt noch! \ud83d\ude42<\/p>\n<p align=center><img src='\/uploads\/photos\/1405.jpg'><\/p>\n<p class=itemText>Mein Zimmer ist zweigeteilt &#8211; eine Seite Arbeits- auf der anderen Seite der Schlafbereich. Hier der Blick vom Bett Richtung Regal.<\/p>\n<p align=center><img src='\/uploads\/photos\/1411.jpg'><\/p>\n<p class=itemText>Ein letzter unscharfe Blick aus meinem Fenster auf die im Smog versinkende Frankfurter Skyline&#8230; (fotografiert mit 20 \u20ac Yakumo-Fotoapparat)<\/p>\n","protected":false},"excerpt":{"rendered":"<p>Seit 1. Januar wohn ich nicht mehr in Wiesbaden sondern in Frankfurt. Ab und zu ist es mal ganz gut,&hellip;<\/p>\n","protected":false},"author":1,"featured_media":0,"comment_status":"open","ping_status":"open","sticky":false,"template":"","format":"standard","meta":{"footnotes":"","_links_to":"","_links_to_target":""},"categories":[15],"tags":[204,3599,4073,5473,5561],"class_list":["post-1307","post","type-post","status-publish","format-standard","hentry","category-privates","tag-amd-x2-6000","tag-nintendo-wii","tag-radio-empfanger","tag-wii","tag-xbox-360"],"_links":{"self":[{"href":"https:\/\/www.gruen-wald.de\/wordpress\/wp-json\/wp\/v2\/posts\/1307","targetHints":{"allow":["GET"]}}],"collection":[{"href":"https:\/\/www.gruen-wald.de\/wordpress\/wp-json\/wp\/v2\/posts"}],"about":[{"href":"https:\/\/www.gruen-wald.de\/wordpress\/wp-json\/wp\/v2\/types\/post"}],"author":[{"embeddable":true,"href":"https:\/\/www.gruen-wald.de\/wordpress\/wp-json\/wp\/v2\/users\/1"}],"replies":[{"embeddable":true,"href":"https:\/\/www.gruen-wald.de\/wordpress\/wp-json\/wp\/v2\/comments?post=1307"}],"version-history":[{"count":0,"href":"https:\/\/www.gruen-wald.de\/wordpress\/wp-json\/wp\/v2\/posts\/1307\/revisions"}],"wp:attachment":[{"href":"https:\/\/www.gruen-wald.de\/wordpress\/wp-json\/wp\/v2\/media?parent=1307"}],"wp:term":[{"taxonomy":"category","embeddable":true,"href":"https:\/\/www.gruen-wald.de\/wordpress\/wp-json\/wp\/v2\/categories?post=1307"},{"taxonomy":"post_tag","embeddable":true,"href":"https:\/\/www.gruen-wald.de\/wordpress\/wp-json\/wp\/v2\/tags?post=1307"}],"curies":[{"name":"wp","href":"https:\/\/api.w.org\/{rel}","templated":true}]}}