{"id":1294,"date":"2009-02-21T00:00:00","date_gmt":"2009-02-20T23:00:00","guid":{"rendered":"http:\/\/www.coaster.de\/wp\/?p=1294"},"modified":"2009-02-21T00:00:00","modified_gmt":"2009-02-20T23:00:00","slug":"hugh-jackman-als-oscar-host-zu-haben","status":"publish","type":"post","link":"https:\/\/www.gruen-wald.de\/wordpress\/notiz\/hugh-jackman-als-oscar-host-zu-haben\/","title":{"rendered":"Hugh Jackman als Oscar-Host zu haben&#8230;"},"content":{"rendered":"<p>&#8230; war definitiv ne gute Wahl. Endlich mal jemand, der f\u00fcr den Opener noch wirklich was richtiges einstudiert und damit zumindest etwas Gl\u00e4mmer in die Show bringt. \ud83d\ude42 Gr\u00fc\u00dfe vom morgen garantiert \u00fcbern\u00e4chtigten B. ,-)<\/p>\n","protected":false},"excerpt":{"rendered":"<p>&#8230; war definitiv ne gute Wahl. Endlich mal jemand, der f\u00fcr den Opener noch wirklich was richtiges einstudiert und damit&hellip;<\/p>\n","protected":false},"author":1,"featured_media":0,"comment_status":"open","ping_status":"open","sticky":false,"template":"","format":"standard","meta":{"footnotes":"","_links_to":"","_links_to_target":""},"categories":[13],"tags":[2421,3714],"class_list":["post-1294","post","type-post","status-publish","format-standard","hentry","category-notiz","tag-hugh-jackman","tag-oscar"],"_links":{"self":[{"href":"https:\/\/www.gruen-wald.de\/wordpress\/wp-json\/wp\/v2\/posts\/1294","targetHints":{"allow":["GET"]}}],"collection":[{"href":"https:\/\/www.gruen-wald.de\/wordpress\/wp-json\/wp\/v2\/posts"}],"about":[{"href":"https:\/\/www.gruen-wald.de\/wordpress\/wp-json\/wp\/v2\/types\/post"}],"author":[{"embeddable":true,"href":"https:\/\/www.gruen-wald.de\/wordpress\/wp-json\/wp\/v2\/users\/1"}],"replies":[{"embeddable":true,"href":"https:\/\/www.gruen-wald.de\/wordpress\/wp-json\/wp\/v2\/comments?post=1294"}],"version-history":[{"count":0,"href":"https:\/\/www.gruen-wald.de\/wordpress\/wp-json\/wp\/v2\/posts\/1294\/revisions"}],"wp:attachment":[{"href":"https:\/\/www.gruen-wald.de\/wordpress\/wp-json\/wp\/v2\/media?parent=1294"}],"wp:term":[{"taxonomy":"category","embeddable":true,"href":"https:\/\/www.gruen-wald.de\/wordpress\/wp-json\/wp\/v2\/categories?post=1294"},{"taxonomy":"post_tag","embeddable":true,"href":"https:\/\/www.gruen-wald.de\/wordpress\/wp-json\/wp\/v2\/tags?post=1294"}],"curies":[{"name":"wp","href":"https:\/\/api.w.org\/{rel}","templated":true}]}}