{"id":1260,"date":"2009-01-18T00:00:00","date_gmt":"2009-01-17T23:00:00","guid":{"rendered":"http:\/\/www.coaster.de\/wp\/?p=1260"},"modified":"2009-01-18T00:00:00","modified_gmt":"2009-01-17T23:00:00","slug":"wer-den-fehler-findet","status":"publish","type":"post","link":"https:\/\/www.gruen-wald.de\/wordpress\/medien\/wer-den-fehler-findet\/","title":{"rendered":"Wer den Fehler findet&#8230;"},"content":{"rendered":"<p>&#8230; kriegt von mir ein Bussi. <a href=http:\/\/www.spiegel.de\/video\/video-47449.html>Hier das Video, das so auch durch andere Massenmedien geisterte.<\/a>. F\u00fcr mich ein Wunder, dass da niemand im Schnittraum von Spiegel, ARD &#038; Co nachgehakt hat. Oder eher ein Skandal. Jeder Mensch, der halbwegs aufmerksam guckt oder im Audiovisuellen-Bereich t\u00e4tig ist, sollte da eigentlich stutzig werden. Dummer Zufall? Sublime Botschaften? Will uns der Staat willig machen f\u00fcr noch mehr Opfer? Oder hat das BKA-Medienzentrum beim Aufr\u00e4umen des Schneideplatz nur irgendwie vergessen die Titelspur von Premiere zu s\u00e4ubern? Wie auch immer: Abgesehen von der Unverfrohrenheit, der Menschheit jetzt auch in Deutschland die &#8218;Made by IntelCenter&#8216; Fakes vorzusetzen, ist das Video auch noch richtig schlecht gestellt. Respekt. So tief wart ihr noch nie. \ud83d\ude00<\/p>\n","protected":false},"excerpt":{"rendered":"<p>&#8230; kriegt von mir ein Bussi. Hier das Video, das so auch durch andere Massenmedien geisterte.. F\u00fcr mich ein Wunder,&hellip;<\/p>\n","protected":false},"author":1,"featured_media":0,"comment_status":"open","ping_status":"open","sticky":false,"template":"","format":"standard","meta":{"footnotes":"","_links_to":"","_links_to_target":""},"categories":[12],"tags":[292,659,1593,4674,5379],"class_list":["post-1260","post","type-post","status-publish","format-standard","hentry","category-medien","tag-ard","tag-botschaften","tag-fakes","tag-spiegel","tag-wart"],"_links":{"self":[{"href":"https:\/\/www.gruen-wald.de\/wordpress\/wp-json\/wp\/v2\/posts\/1260"}],"collection":[{"href":"https:\/\/www.gruen-wald.de\/wordpress\/wp-json\/wp\/v2\/posts"}],"about":[{"href":"https:\/\/www.gruen-wald.de\/wordpress\/wp-json\/wp\/v2\/types\/post"}],"author":[{"embeddable":true,"href":"https:\/\/www.gruen-wald.de\/wordpress\/wp-json\/wp\/v2\/users\/1"}],"replies":[{"embeddable":true,"href":"https:\/\/www.gruen-wald.de\/wordpress\/wp-json\/wp\/v2\/comments?post=1260"}],"version-history":[{"count":0,"href":"https:\/\/www.gruen-wald.de\/wordpress\/wp-json\/wp\/v2\/posts\/1260\/revisions"}],"wp:attachment":[{"href":"https:\/\/www.gruen-wald.de\/wordpress\/wp-json\/wp\/v2\/media?parent=1260"}],"wp:term":[{"taxonomy":"category","embeddable":true,"href":"https:\/\/www.gruen-wald.de\/wordpress\/wp-json\/wp\/v2\/categories?post=1260"},{"taxonomy":"post_tag","embeddable":true,"href":"https:\/\/www.gruen-wald.de\/wordpress\/wp-json\/wp\/v2\/tags?post=1260"}],"curies":[{"name":"wp","href":"https:\/\/api.w.org\/{rel}","templated":true}]}}