{"id":1258,"date":"2009-01-16T00:00:00","date_gmt":"2009-01-15T23:00:00","guid":{"rendered":"http:\/\/www.coaster.de\/wp\/?p=1258"},"modified":"2009-01-16T00:00:00","modified_gmt":"2009-01-15T23:00:00","slug":"von-piraten-und-parteien","status":"publish","type":"post","link":"https:\/\/www.gruen-wald.de\/wordpress\/medien\/von-piraten-und-parteien\/","title":{"rendered":"Von Piraten und Parteien"},"content":{"rendered":"<p><i>Laut einer aktuellen Umfrage des schwedischen Meinungsforschungsinstituts SIFO kann die schwedische Piratenpartei bei der Wahl f\u00fcr das Europaparlament 2009 bis zu 21% der Stimmen erreichen. Insgesamt antworteten 7% der Befragten auf die Frage, ob sie die Piratenpartei w\u00e4hlen w\u00fcrden, mit &#8218;Ja, absolut&#8216; und weitere 14% mit &#8218;Ja, vielleicht&#8216;. Bei den W\u00e4hlern unter 30 Jahren konnte die Piratenpartei sogar die relative Mehrheit erreichen: 46% der Befragten antworteten hier mit &#8218;Ja, absolut&#8216; (14%) oder &#8218;Ja, vielleicht&#8216; (32%).<\/i> In Hessen scheint die Piratenpartei immerhin rund ein halbes Porzent erreicht zu haben. Passend dazu ein interessantes Interview mit der Piratenpartei:<\/p>\n<p align=center><embed id='VideoPlayback' src='http:\/\/video.google.de\/googleplayer.swf?docid=-3732927054058372016&#038;hl=de&#038;fs=true style=width:400px;height:326px allowFullScreen=true allowScriptAccess=always type=application\/x-shockwave-flash> <\/embed><\/p>\n<p> <a href=http:\/\/piratenpartei.de\/>Zur Piratenpartei&#8230;<\/a><\/p>\n","protected":false},"excerpt":{"rendered":"<p>Laut einer aktuellen Umfrage des schwedischen Meinungsforschungsinstituts SIFO kann die schwedische Piratenpartei bei der Wahl f\u00fcr das Europaparlament 2009 bis&hellip;<\/p>\n","protected":false},"author":1,"featured_media":0,"comment_status":"open","ping_status":"open","sticky":false,"template":"","format":"standard","meta":{"footnotes":"","_links_to":"","_links_to_target":""},"categories":[12],"tags":[89,1552,4153],"class_list":["post-1258","post","type-post","status-publish","format-standard","hentry","category-medien","tag-absolut","tag-europaparlament","tag-relative-mehrheit"],"_links":{"self":[{"href":"https:\/\/www.gruen-wald.de\/wordpress\/wp-json\/wp\/v2\/posts\/1258"}],"collection":[{"href":"https:\/\/www.gruen-wald.de\/wordpress\/wp-json\/wp\/v2\/posts"}],"about":[{"href":"https:\/\/www.gruen-wald.de\/wordpress\/wp-json\/wp\/v2\/types\/post"}],"author":[{"embeddable":true,"href":"https:\/\/www.gruen-wald.de\/wordpress\/wp-json\/wp\/v2\/users\/1"}],"replies":[{"embeddable":true,"href":"https:\/\/www.gruen-wald.de\/wordpress\/wp-json\/wp\/v2\/comments?post=1258"}],"version-history":[{"count":0,"href":"https:\/\/www.gruen-wald.de\/wordpress\/wp-json\/wp\/v2\/posts\/1258\/revisions"}],"wp:attachment":[{"href":"https:\/\/www.gruen-wald.de\/wordpress\/wp-json\/wp\/v2\/media?parent=1258"}],"wp:term":[{"taxonomy":"category","embeddable":true,"href":"https:\/\/www.gruen-wald.de\/wordpress\/wp-json\/wp\/v2\/categories?post=1258"},{"taxonomy":"post_tag","embeddable":true,"href":"https:\/\/www.gruen-wald.de\/wordpress\/wp-json\/wp\/v2\/tags?post=1258"}],"curies":[{"name":"wp","href":"https:\/\/api.w.org\/{rel}","templated":true}]}}