{"id":1199,"date":"2008-11-18T00:00:00","date_gmt":"2008-11-17T23:00:00","guid":{"rendered":"http:\/\/www.coaster.de\/wp\/?p=1199"},"modified":"2008-11-18T00:00:00","modified_gmt":"2008-11-17T23:00:00","slug":"schnee-uber-frankfurt","status":"publish","type":"post","link":"https:\/\/www.gruen-wald.de\/wordpress\/notiz\/schnee-uber-frankfurt\/","title":{"rendered":"Schnee \u00fcber Frankfurt"},"content":{"rendered":"<p>Es ist wirklich ganz, ganz beschissen, aus dem Fenster ohne Blitz zu fotografieren. Auf alle F\u00e4lle ist in FFM heute wirklich alles wei\u00df. Selbst auf den Stra\u00dfen liegen mehrere Zentimeter dicker Schnee. Fast wia dahoam! \ud83d\ude42<\/p>\n<p align=center><img src='http:\/\/img165.imageshack.us\/img165\/7290\/clipboard01xl8.jpg'><\/p>\n","protected":false},"excerpt":{"rendered":"<p>Es ist wirklich ganz, ganz beschissen, aus dem Fenster ohne Blitz zu fotografieren. Auf alle F\u00e4lle ist in FFM heute&hellip;<\/p>\n","protected":false},"author":1,"featured_media":0,"comment_status":"open","ping_status":"open","sticky":false,"template":"","format":"standard","meta":{"footnotes":"","_links_to":"","_links_to_target":""},"categories":[13],"tags":[605,1793,4386,5466],"class_list":["post-1199","post","type-post","status-publish","format-standard","hentry","category-notiz","tag-blitz","tag-frankfurt","tag-schnee","tag-wia"],"_links":{"self":[{"href":"https:\/\/www.gruen-wald.de\/wordpress\/wp-json\/wp\/v2\/posts\/1199"}],"collection":[{"href":"https:\/\/www.gruen-wald.de\/wordpress\/wp-json\/wp\/v2\/posts"}],"about":[{"href":"https:\/\/www.gruen-wald.de\/wordpress\/wp-json\/wp\/v2\/types\/post"}],"author":[{"embeddable":true,"href":"https:\/\/www.gruen-wald.de\/wordpress\/wp-json\/wp\/v2\/users\/1"}],"replies":[{"embeddable":true,"href":"https:\/\/www.gruen-wald.de\/wordpress\/wp-json\/wp\/v2\/comments?post=1199"}],"version-history":[{"count":0,"href":"https:\/\/www.gruen-wald.de\/wordpress\/wp-json\/wp\/v2\/posts\/1199\/revisions"}],"wp:attachment":[{"href":"https:\/\/www.gruen-wald.de\/wordpress\/wp-json\/wp\/v2\/media?parent=1199"}],"wp:term":[{"taxonomy":"category","embeddable":true,"href":"https:\/\/www.gruen-wald.de\/wordpress\/wp-json\/wp\/v2\/categories?post=1199"},{"taxonomy":"post_tag","embeddable":true,"href":"https:\/\/www.gruen-wald.de\/wordpress\/wp-json\/wp\/v2\/tags?post=1199"}],"curies":[{"name":"wp","href":"https:\/\/api.w.org\/{rel}","templated":true}]}}