{"id":11495,"date":"2011-02-17T00:20:35","date_gmt":"2011-02-16T23:20:35","guid":{"rendered":"http:\/\/blog.coaster.de\/wp\/?p=11495"},"modified":"2011-02-17T00:20:35","modified_gmt":"2011-02-16T23:20:35","slug":"volles-programm","status":"publish","type":"post","link":"https:\/\/www.gruen-wald.de\/wordpress\/film-kultur\/volles-programm\/","title":{"rendered":"Volles Programm"},"content":{"rendered":"<p>Das erste Aprilwochenende wird f\u00fcr mich ein hei\u00dfes Kinowochenende. Gleich einige Filme laufen dann in M\u00fcnchen, die mich interessieren. Unter anderem &#8222;<strong>Trolljegeren<\/strong>&#8222;, der von der Stilistik her jetzt nichts v\u00f6llig Revolution\u00e4res darstellt, aber auf Plotseite wirklich spannend werden k\u00f6nnte. Au\u00dferdem liebe ich Norwegen! Und Norwegisch! <a href=\"http:\/\/www.youtube.com\/v\/vy2nAOdBUlw\">Hier klicken f\u00fcr Filmausschnitt, und zwar sn\u00f8gg<\/a>!<\/p>\n<p>Deutlich trashiger, aber nicht minder sozialkritisch und durchaus gewagt halte ich das polnische <strong>Essential Killing<\/strong> von\u00a0Jerzy Skolimowski. Wann kann man schon mal die Geschichte aus den Augen eines Taliban-Fl\u00fcchtlings erleben? <a href=\"http:\/\/www.youtube.com\/v\/_0CR2N4xbfQ\">Trailer<\/a> sieht nicht glaubhaft aus, aber allein der Fokus auf diese Perspektive verdient meine Aufmerksamkeit! Ich mein, ein Taliban-K\u00e4mpfer im Winter? Wie geil ist das denn!<\/p>\n<p style=\"text-align: center;\"><img loading=\"lazy\" decoding=\"async\" class=\"aligncenter\" src=\"http:\/\/blog.coaster.de\/wp\/wp-content\/uploads\/essential_killing_034.jpg\" alt=\"\" width=\"440\" height=\"248\" \/><em>(Szene aus Essential Killing, Quelle: Ascot) <\/em><\/p>\n<p>Dann gibt es die M\u00f6glichkeit, endlich mal wieder einen John Landis Film im Kino zu sehen. Und ich liebe John Landis. Und Simon Pegg. Und Andy Serkis. Und Tim Curry. Und schwarzen Humor. All das gibt&#8217;s in &#8222;<a href=\"http:\/\/www.youtube.com\/v\/UE7KvAyVnbw\"><strong>Burke and Hare<\/strong><\/a>&#8222;.<\/p>\n<p>Ansonsten: Was Miike betrifft, bin ich dessen ja ein wenig \u00fcberdr\u00fcssig, geworden. Trotzdem sehen die Kampfszenen in 13 Assassins cool aus. Tendenziell w\u00fcrde ich aber, was Asia-Cinema betrifft, vermutlich eher <strong>&#8222;Akmareul boatda&#8220;<\/strong> eine Chance geben. Schauspielerisch sieht das umwerfend aus. Soundtrack auch! <a href=\"http:\/\/www.youtube.com\/v\/nY5Fq68To0E\">Reinh\u00f6ren<\/a>! [Und weil ich eh ein Rape &amp; Revenge Fan bin, nehm ich daf\u00fcr vielleicht unterwegs sogar noch das <a href=\"http:\/\/www.youtube.com\/v\/HC9p7SkJPwE\">I spit on your grave Remake<\/a> als Appetizer f\u00fcr Boatda mit. Mal sehen. ;-)]<\/p>\n","protected":false},"excerpt":{"rendered":"<p>Das erste Aprilwochenende wird f\u00fcr mich ein hei\u00dfes Kinowochenende. Gleich einige Filme laufen dann in M\u00fcnchen, die mich interessieren. Unter&hellip;<\/p>\n","protected":false},"author":1,"featured_media":0,"comment_status":"open","ping_status":"open","sticky":false,"template":"","format":"standard","meta":{"footnotes":"","_links_to":"","_links_to_target":""},"categories":[7],"tags":[2667,2771,4968],"class_list":["post-11495","post","type-post","status-publish","format-standard","hentry","category-film-kultur","tag-john-landis","tag-killing","tag-tim-curry"],"_links":{"self":[{"href":"https:\/\/www.gruen-wald.de\/wordpress\/wp-json\/wp\/v2\/posts\/11495","targetHints":{"allow":["GET"]}}],"collection":[{"href":"https:\/\/www.gruen-wald.de\/wordpress\/wp-json\/wp\/v2\/posts"}],"about":[{"href":"https:\/\/www.gruen-wald.de\/wordpress\/wp-json\/wp\/v2\/types\/post"}],"author":[{"embeddable":true,"href":"https:\/\/www.gruen-wald.de\/wordpress\/wp-json\/wp\/v2\/users\/1"}],"replies":[{"embeddable":true,"href":"https:\/\/www.gruen-wald.de\/wordpress\/wp-json\/wp\/v2\/comments?post=11495"}],"version-history":[{"count":0,"href":"https:\/\/www.gruen-wald.de\/wordpress\/wp-json\/wp\/v2\/posts\/11495\/revisions"}],"wp:attachment":[{"href":"https:\/\/www.gruen-wald.de\/wordpress\/wp-json\/wp\/v2\/media?parent=11495"}],"wp:term":[{"taxonomy":"category","embeddable":true,"href":"https:\/\/www.gruen-wald.de\/wordpress\/wp-json\/wp\/v2\/categories?post=11495"},{"taxonomy":"post_tag","embeddable":true,"href":"https:\/\/www.gruen-wald.de\/wordpress\/wp-json\/wp\/v2\/tags?post=11495"}],"curies":[{"name":"wp","href":"https:\/\/api.w.org\/{rel}","templated":true}]}}