{"id":1148,"date":"2008-09-28T00:00:00","date_gmt":"2008-09-27T23:00:00","guid":{"rendered":"http:\/\/www.coaster.de\/wp\/?p=1148"},"modified":"2008-09-28T00:00:00","modified_gmt":"2008-09-27T23:00:00","slug":"eine-schlechte-nachricht","status":"publish","type":"post","link":"https:\/\/www.gruen-wald.de\/wordpress\/artikel\/eine-schlechte-nachricht\/","title":{"rendered":"Eine schlechte Nachricht&#8230;"},"content":{"rendered":"<p><i>Eine Grundgesetz\u00e4nderung zum Einsatz der Bundeswehr im Inneren? Am Montagmorgen wusste niemand so recht Bescheid. Bei der Gesch\u00e4ftsstelle der CDU\/CSU-Bundestagsfraktion? Achselzucken. Auch bei der SPD. Selbst im Innenministerium mussten sie erst einmal die Aktenlage pr\u00fcfen. Sehr nebul\u00f6s auch das, was die Nachrichtenagentur dpa nach der abendlichen Sitzung des Koalitionsausschusses meldete: &#8218;Die Spitzen von Union und SPD einigten sich auch darauf, die Bundeswehr auch innerhalb Deutschlands bei Notf\u00e4llen einzusetzen. &#8218;Es wird eine Grundgesetz\u00e4nderung geben&#8216;, k\u00fcndigte (CDU\/CSU-Fraktionschef) Volker Kauder an.&#8216; Wann soll die Bundeswehr nun eingesetzt werden? Wer entscheidet dar\u00fcber? Als FDP-Chef Guido Westerwelle am sp\u00e4ten Vormittag vor die Presse trat, w\u00fctete er gegen die Informationspolitik der Bundesregierung. Zuerst ging es um die Finanzkrise: &#8218;Dass die Bundeskanzlerin heute Parteitermine wahrnimmt, statt das Parlament zu informieren, ist in keinster Weise akzeptabel&#8216;. Auf den Beschluss zur Grundgesetz\u00e4nderung angesprochen sagte er: &#8218;Der Bundestag wird wohl nicht mehr informiert. Die Senioren Union wird informiert. Das ist ein Ergebnis der gro\u00dfen Koalition, das wird von Wahl zu Wahl weiter abgestraft werden.&#8216; Und: &#8218;Wir haben leider keine handlungsf\u00e4hige Regierung mehr.&#8216; Im Windschatten der Finanzkrise hatte der Koalitionsausschuss eine Einigung \u00fcber eines der wohl umstrittensten Vorhaben im Bereich Innenpolitik erzielt. Artikel 35 des Grundgesetzes soll dahingehend ge\u00e4ndert werden, dass die Bundesregierung im Rahmen der so genannten &#8218;Amtshilfe&#8216; neben Kr\u00e4ften des Bundesgrenzschutzes auch Bundeswehreinheiten &#8218;zur wirksamen Bek\u00e4mpfung besonders schwerer Ungl\u00fccksf\u00e4lle&#8216; einsetzen darf, wie es am Mittag in einer Stellungnahme des Innenministeriums hie\u00df.<\/i> Quelle: Stern Ungeheurlich, dass auch Deutschland jetzt mit undemokratischen &#8218;Geheimentscheidungen&#8216; beginnt. Man kann zum Gl\u00fcck sagen, dass heute nachmittag zumindest noch die FDP rechtzeitig aufgewacht ist und die Mithilfe untersagt.<\/p>\n","protected":false},"excerpt":{"rendered":"<p>Eine Grundgesetz\u00e4nderung zum Einsatz der Bundeswehr im Inneren? Am Montagmorgen wusste niemand so recht Bescheid. Bei der Gesch\u00e4ftsstelle der CDU\/CSU-Bundestagsfraktion?&hellip;<\/p>\n","protected":false},"author":1,"featured_media":0,"comment_status":"open","ping_status":"open","sticky":false,"template":"","format":"standard","meta":{"footnotes":"","_links_to":"","_links_to_target":""},"categories":[2],"tags":[741,1182,3329,5312],"class_list":["post-1148","post","type-post","status-publish","format-standard","hentry","category-artikel","tag-bundestag","tag-der-cdu","tag-mittag","tag-volker"],"_links":{"self":[{"href":"https:\/\/www.gruen-wald.de\/wordpress\/wp-json\/wp\/v2\/posts\/1148"}],"collection":[{"href":"https:\/\/www.gruen-wald.de\/wordpress\/wp-json\/wp\/v2\/posts"}],"about":[{"href":"https:\/\/www.gruen-wald.de\/wordpress\/wp-json\/wp\/v2\/types\/post"}],"author":[{"embeddable":true,"href":"https:\/\/www.gruen-wald.de\/wordpress\/wp-json\/wp\/v2\/users\/1"}],"replies":[{"embeddable":true,"href":"https:\/\/www.gruen-wald.de\/wordpress\/wp-json\/wp\/v2\/comments?post=1148"}],"version-history":[{"count":0,"href":"https:\/\/www.gruen-wald.de\/wordpress\/wp-json\/wp\/v2\/posts\/1148\/revisions"}],"wp:attachment":[{"href":"https:\/\/www.gruen-wald.de\/wordpress\/wp-json\/wp\/v2\/media?parent=1148"}],"wp:term":[{"taxonomy":"category","embeddable":true,"href":"https:\/\/www.gruen-wald.de\/wordpress\/wp-json\/wp\/v2\/categories?post=1148"},{"taxonomy":"post_tag","embeddable":true,"href":"https:\/\/www.gruen-wald.de\/wordpress\/wp-json\/wp\/v2\/tags?post=1148"}],"curies":[{"name":"wp","href":"https:\/\/api.w.org\/{rel}","templated":true}]}}