{"id":1083,"date":"2008-07-25T00:00:00","date_gmt":"2008-07-24T23:00:00","guid":{"rendered":"http:\/\/www.coaster.de\/wp\/?p=1083"},"modified":"2008-07-25T00:00:00","modified_gmt":"2008-07-24T23:00:00","slug":"mollemann-conspiracy-days-i-medien-die-nicht-reden-wollen","status":"publish","type":"post","link":"https:\/\/www.gruen-wald.de\/wordpress\/medien\/mollemann-conspiracy-days-i-medien-die-nicht-reden-wollen\/","title":{"rendered":"M\u00f6llemann-Conspiracy-Days (I): Medien, die nicht reden wollen"},"content":{"rendered":"<p><img src='http:\/\/img521.imageshack.us\/img521\/4162\/hboxj8tbpxgenrc52xa52x3xe8.jpg' border='0' style='float:left, margin-right:20px, margin-bottom:10px'>Einmal hatte ich es angedeutet und nun werde ich es nicht mehr los: Der Fallschirm-Tod von J\u00fcrgen W. M\u00f6llemann. Immer wieder fragen mich einige, ob ich dar\u00fcber nicht was schreiben wolle \u2013 bestimmt auch, weil meine Meinung dazu (mal wieder?) prek\u00e4r ist. Momentan leide ich unter ziemlichen Schlafdefizit \u2013 was vor allen Dingen mit den 12 bis 14 Arbeitsstunden zusammenh\u00e4ngt, die ich neben BrainGame noch in andere Projekte stecken muss. Man m\u00f6ge mir deswegen verzeihen, wenn die didaktische und strukturelle Aufbereitung manchmal etwas am gewohnten Level vorbeischie\u00dft \u2013 ich muss halt praktisch alle Blogeintr\u00e4ge derzeit nach Mitternacht verfassen \u2013 und da l\u00e4sst nach anstrengenden (und oft auch schreibreichen) Arbeitstagen sowohl Motivation als auch Konzentration nach. Um die werten Leser aber nicht noch mehr auf die Folter zu spannen habe ich mich nun also doch entschieden, zumindest in groben Z\u00fcgen den Fall M\u00f6llemann in den <b>M\u00f6llemann-Verschw\u00f6rungs-Days<\/b> zu launchen. Warum \u00fcberhaupt das Interesse f\u00fcr dieses Thema? Als Splatterfilm-Fan war ich immer schon an der Macht von Medien interessiert. Meine Wahl auf meinen sp\u00e4teren Studiengang f\u00e4llte ich ja nicht ganz un-zuf\u00e4llig. Meine erste Hausarbeit handelte deswegen gleich auch direkt \u00fcber die Zensur im Mediensystem der BRD. Wer Splatterfilme sammelt kommt n\u00e4mlich zwangsweise mit diesem Thema in Verbindung. Und stellt fest, dass man in Deutschland ziemlich schnell ne andere Geschichte serviert bekommt als in anderen L\u00e4ndern. Also wurde ich bereits als Jugendlicher misstrauisch und begab mich, banal gesprochen, in den Untergrund. Damals ging es eigentlich nur darum, diese omin\u00f6sen \u201eungeschnittenen\u201c Videokassetten zu ergattern, von denen einige sogar behaupteten, die g\u00e4be es doch gar nicht \u2013 nur um zu beweisen, dass die Masse eben <b>nicht<\/b> Recht hat \u2013 und statt dessen einfach Quatsch serviert bekommt. Und damit wollte ich mich irgendwann nicht mehr abf\u00fcllen lassen. So kam dann 9\/11 als \u201eKnackserlebnis\u201c. Als Erkenntnis, dass eine weltweite Gleichschaltung aller Sender mit weltweit gleicher Zensur tats\u00e4chlich <b>m\u00f6glich<\/b> ist. Wenn man Geschichten weltweit zensieren kann, gibt es keine Vergleichswerte mehr \u2013 und das bedeutet, man muss selbst recherchieren. Immer dann, wenn ich also das Gef\u00fchl habe, hier wird mir was verheimlicht, eine vorgefertigte (\u201egeschnittene\u201c) Sache serviert, die eigentlichen journalistischen Grundfragen nicht gestellt \u2013 und vor allen Dingen (aus leidlicher eigener Splatter-Erfahrung) genau die Menschen, die fragen, von den Medien ausgebootet, l\u00e4cherlich gemacht und verfolgt \u2013 dann werde ich hellh\u00f6rig. Genau das ist der erste Schritt zum Verfall der Wahrheitsfindung (und mittlerweile auch der Demokratie). <a href='http:\/\/img295.imageshack.us\/my.php?image=juergenmoellemann105500ek9.jpg' target='_blank' rel=\"noopener noreferrer\"><img src='http:\/\/img295.imageshack.us\/img295\/460\/juergenmoellemann105500ek9.th.jpg' border='0' style='float:right, margin-left:20px, margin-bottom:10px' alt='Free Image Hosting at'\/><\/a><b>Zur eigentlichen Geschichte<\/b>: Als der FDP-Politiker J\u00fcrgen W. M\u00f6llemann am 5. Juni 2003 an den vielfachen Verletzungen bei einem Fallschirmsprung-Absturz in Marl-Loem\u00fchle starb, war ich misstrauisch. Ich gebe zu, meine Meinung war voreingenommen: Mein Bauchgef\u00fchl sagte mir: Mord. M\u00f6llemann war zuvor als Person massiv unter Druck gesetzt worden. Er galt als potentieller Antisemit \u2013 ein Vorwurf, mit dem man in Deutschland Leute von der Bildfl\u00e4che verschwinden lassen kann. Und, wie ich meine, in vielen F\u00e4llen ohne jeglichen Hintergrund. Es ist ein Werkzeug. Kein Argument. Als jemand, der sich kritisch mit dem 11. September auseinandersetzt, muss ich mir sogar selbst diese Vorw\u00fcrfe gefallen lassen. Ich kann mich noch an Zeiten erinnern, als jeder B\u00fcrger, der nicht f\u00fcr den US-Krieg gegen Afghanistan war, gleichzeitig ein potentieller Antisemit war. Die Argumentation erschlie\u00dft sich mir bis heute nicht: Angeblich w\u00e4ren Kritiker der US-Regierung deswegen Antisemiten, weil sie damit indirekt Israel und das Judentum angriffen, weil die Antisemiten selbst implizit davon ausgingen, die US-Regierung sei von Juden gestellt (und damit Antiamerikanismus automatisch Antisemitismus). W\u00e4re dies der Fall, w\u00fcrden die Anklagenden dann nicht ebenso indirekt zugeben, dass der eigentliche Vorwurf der <b>wirklichen<\/b> Antisemiten gegen\u00fcber der US-Regierung stichhaltig ist? Das ist nur einer von vielen F\u00e4llen, in denen sich der Antisemitismus-Vorwurf immer wieder in den Schwanz bei\u00dft und jede denkbare (demokratische) Diskussion im Keim erstickt (mal abgesehen davon, dass Kritik an einem Staat wie Israel ganz ebenso wertungsfrei m\u00f6glich sein muss). Es ist per se schlicht und ergreifend kein Argument. Das ist genauso d\u00e4mlich wie eine Debatte zwischen Glaubensrichtungen, in der sich die Teilnehmer als Vorwurf \u201eAnti-Christ!\u201c oder \u201eAnti-Nihilist!\u201c an den Kopf werfen. Es bringt uns schlicht keinen Schritt weiter. In dieser Hinsicht sah und sehe ich die letzten Tage gegen M\u00f6llemann als Kampagne gegen seine Person. Das meine ich wertungsfrei von dem, was er m\u00f6glicherweise wirklich getan hat: Die Vorw\u00fcrfe gegen ihn entbehrten jeder ehrlichen, demokratischen, diskutativen Grundlage. Es war ein Schauprozess im Fernsehen, bei dem ihm selbst die \u00f6ffentliche Entschuldigung nichts mehr brachte. Als sein Tod publik wurde, tippte ich deswegen sofort auf Mord. Irgendetwas musste da bereits vorher gegen ihn gelaufen sein. So \u2013 und was machen die Medien? Das erste, was ich zu M\u00f6llemanns Tod h\u00f6re ist, dass man Mord bzw. Manipulation am Fallschirm eigentlich ausschlie\u00dfen k\u00f6nne. Ja, wer sollte schon sowas B\u00f6ses tun, oder? Das sei doch schon sehr unwahrscheinlich. Mord an einem Politiker in Deutschland, pah! Gebetsm\u00fchlenartig wiederholen alle Sender die Floskel: \u201eWar es Selbstmord oder ein Unfall?\u201c Hallo? Journalismus? Wo zur H\u00f6lle bleibt der Journalist, der die entscheidende Frage stellt: \u201eWar es vielleicht Mord? Und wenn nein, was spricht dagegen? M\u00f6llemann kassierte immerhin <a href=http:\/\/www.manager-magazin.de\/koepfe\/artikel\/0,2828,240652-6,00.html>Schmiergelder f\u00fcr Waffengesch\u00e4ft<\/a>. Und Alle, welche zumindest das M\u00e4rchen von <a href=http:\/\/www.amazon.de\/exec\/obidos\/ASIN\/3939504823\/coaster09>Uwe Barschel nicht mehr glauben<\/a> werden mir zustimmen, dass man in so einer Situation gef\u00e4hrlich leben kann. <a href=http:\/\/www.netzeitung.de\/entertainment\/people\/247085.html>Sogar Frau M\u00f6llemann selbst spricht von Mord<\/a> \u2013 doch ihre Gerechtigkeits-Wehklagen bleiben einfach unerh\u00f6rt. Was wei\u00df eine trauernde Witwe schon? Die verh\u00e4lt sich halt genauso wie Frau Barschel und kann den Selbstmord ihres Mannes nicht verkaften, sagt man. Niemand in den deutschen Medien hat ernsthaft diese Frage gestellt. Wir wurden zensiert. Das ist mein Gef\u00fchl der Sachlage. Bis heute gibt es keine ernsthafte Aufarbeitung dieses Stoffes. Kaum jemand, sieht man mal von Ausnahmen wie Andreas Hau\u00df ab, kein investigativer Journalist, kein Buchautor, hatte bisher scheinbar den Arsch in der Hose, genau diese Fragen zu stellen, um Licht ins Dunkel zu bringen. Fragen, die man vor allen Dingen auch den Medien stellen sollte \u2013 die sich gemeinhin so gerne als vierte Demokraties\u00e4ule und Wahrheitsk\u00e4mpfer sehen, und hier (erneut) versagt haben. Fragen, die jedem klar denkenden Menschen doch eigentlich auf der Zunge liegen m\u00fcssten. Was spricht wirklich <b>gegen<\/b> Mord. Und noch mehr, was spricht <b>daf\u00fcr<\/b>? Genau \u00fcber diese Fragen (nicht Antworten!) soll es in den kommenden Tagen gehen! Stay tuned.<\/p>\n","protected":false},"excerpt":{"rendered":"<p>Einmal hatte ich es angedeutet und nun werde ich es nicht mehr los: Der Fallschirm-Tod von J\u00fcrgen W. M\u00f6llemann. Immer&hellip;<\/p>\n","protected":false},"author":1,"featured_media":0,"comment_status":"open","ping_status":"open","sticky":false,"template":"","format":"standard","meta":{"footnotes":"","_links_to":"","_links_to_target":""},"categories":[12],"tags":[977,3392,4366,5349],"class_list":["post-1083","post","type-post","status-publish","format-standard","hentry","category-medien","tag-conspiracy","tag-motivation","tag-schlafdefizit","tag-wahl"],"_links":{"self":[{"href":"https:\/\/www.gruen-wald.de\/wordpress\/wp-json\/wp\/v2\/posts\/1083"}],"collection":[{"href":"https:\/\/www.gruen-wald.de\/wordpress\/wp-json\/wp\/v2\/posts"}],"about":[{"href":"https:\/\/www.gruen-wald.de\/wordpress\/wp-json\/wp\/v2\/types\/post"}],"author":[{"embeddable":true,"href":"https:\/\/www.gruen-wald.de\/wordpress\/wp-json\/wp\/v2\/users\/1"}],"replies":[{"embeddable":true,"href":"https:\/\/www.gruen-wald.de\/wordpress\/wp-json\/wp\/v2\/comments?post=1083"}],"version-history":[{"count":0,"href":"https:\/\/www.gruen-wald.de\/wordpress\/wp-json\/wp\/v2\/posts\/1083\/revisions"}],"wp:attachment":[{"href":"https:\/\/www.gruen-wald.de\/wordpress\/wp-json\/wp\/v2\/media?parent=1083"}],"wp:term":[{"taxonomy":"category","embeddable":true,"href":"https:\/\/www.gruen-wald.de\/wordpress\/wp-json\/wp\/v2\/categories?post=1083"},{"taxonomy":"post_tag","embeddable":true,"href":"https:\/\/www.gruen-wald.de\/wordpress\/wp-json\/wp\/v2\/tags?post=1083"}],"curies":[{"name":"wp","href":"https:\/\/api.w.org\/{rel}","templated":true}]}}