{"id":1075,"date":"2008-07-17T00:00:00","date_gmt":"2008-07-16T23:00:00","guid":{"rendered":"http:\/\/www.coaster.de\/wp\/?p=1075"},"modified":"2008-07-17T00:00:00","modified_gmt":"2008-07-16T23:00:00","slug":"1984-schritt-nummer-72","status":"publish","type":"post","link":"https:\/\/www.gruen-wald.de\/wordpress\/internet-co\/1984-schritt-nummer-72\/","title":{"rendered":"1984 &#8211; Schritt Nummer 72"},"content":{"rendered":"<p>Und wie immer guckt keiner hin, wie der Welten-Polizeistaat seine Finger enger krallt: <i>Wie jetzt bekannt wurde, verwarf der Deutsche Bundestage eine von 12.560 Personen unterzeichnete und im Internet ver\u00f6ffentlichte Petition gegen die Vorratsspeicherung von Internet- und Telekommunikationsverbindungsdaten. Damit wurde auch eine Reihe anderer Petitionsverfahren abgeschlossen, die aufgrund eines vom Fachausschuss angenommenen Sachzusammenhangs gemeinsam beraten wurden. Die Petitenten hatten ihr Anliegen unter anderem damit begr\u00fcndet, dass eine Speicherung von Verbindungsdaten f\u00fcr die Bek\u00e4mpfung von Terrorismus und organisierter Kriminalit\u00e4t wegen der Verf\u00fcgbarkeit von Kryptographie- und Anonymisierungsdiensten unzweckm\u00e4\u00dfig sei. In seinem Beschluss zu dieser Petition verweist der Bundestag auf ein Schreiben des Justizministeriums, in dem ausgef\u00fchrt wird, dass eine Geeignetheit des Gesetzes durch die Verpflichtung der Anbieter von deutschen Anonymisierungsdiensten zur Vorratsspeicherung von Verbindungsdaten gegeben sei. Auf die M\u00f6glichkeit, ausl\u00e4ndische Dienstleister in Anspruch zu nehmen, wird dabei nicht eingegangen. Aufgrund dieser bereits vor der Beschwerde bekannten Einbeziehung deutscher Anonymisierungsdienstleister war der Petitionsausschuss zudem der Auffassung, dem Anliegen &#8218;teilweise entsprochen&#8216; zu haben. <\/i> <a href=http:\/\/www.heise.de\/newsticker\/Bundestag-verwirft-Petition-gegen-Vorratsdatenspeicherung--\/meldung\/113478>Quelle<\/a> Um ganz ehrlich zu sein &#8211; seit heute wird mir wieder bewusst, dass die Bev\u00f6lkerung nicht zu letargisch ist, um etwas zu unternehmen (wie ich es zun\u00e4chst annahm) sondern schlicht und ergreifend zu dumm. Bei Gespr\u00e4chen ab einer bestimmten Generationsschicht h\u00f6rt das tiefergehende Verst\u00e4ndnis f\u00fcr die Gefahren dieser und anderer Vorgehensweisen (eGK, ePass, PNAC, NWO, Biometrie, RFID, Bilderberg etc.) schlicht und ergreifend auf. Ich kann mir echt nicht vorstellen, dass hier manche Leute immer noch von puren &#8218;Zuf\u00e4llen&#8216; ausgehen. Schaut sich denn niemand an, wie exakt identisch alle anderen Regierungen der EU, der USA (einschlie\u00dflich Kanada und Mexiko) und jetzt sogar Teile Nord-Asiens v\u00f6llig Bev\u00f6lkerungs-resistent handeln? Jedem B\u00fcrger sollte mittlerweile klar sein, dass die 1984-Agenda definitiv durchgeboxt werden soll &#8211; und zwar m\u00f6glichst weltweit. Und m\u00f6glichst geheim. <Eigentlich reicht ja bereits eine grobe Medienanalyse aus, um festzustellen, wie weitreichend hier gro\u00dfe Ereignisse einfach (bewusst?) totgeschwiegen werden. Wenn man dann feststellen, dass sich die Medienkonzerne, Politiker und Telekommunikationsunternehmen auch noch alle in <a href=http:\/\/www.flegel-g.de\/Bilderberg\/teilenhmer-bilderberg.html>geheimen<\/a> <a href=http:\/\/ronpaul.blog.de\/2008\/06\/06\/liste-der-bilderberg-teilnehmer-4281446>Treffen<\/a> <a href=http:\/\/infowars.wordpress.com\/2007\/05\/31\/bilderberg-2007-die-teilnehmerliste\/>abstimmen<\/a>, \u00fcber die die Medien selbst dann nat\u00fcrlich auch nicht berichten &#8218;d\u00fcrfen&#8216;, bei denen Protokolle nicht erlaubt sind und man auf jugendliche Independent-Reporter angewiesen ist, welche die Treffen nachweisen, wirkt auf mich schon ziemlich spooky.> Von wem genau das ganze angetrieben wird, m\u00f6cht ich nicht beurteilen. Aber die Konsequenzen darf sich jeder selbst \u00fcberlegen. Just my 2 cents. Don&#8217;t be offended.<\/p>\n","protected":false},"excerpt":{"rendered":"<p>Und wie immer guckt keiner hin, wie der Welten-Polizeistaat seine Finger enger krallt: Wie jetzt bekannt wurde, verwarf der Deutsche&hellip;<\/p>\n","protected":false},"author":1,"featured_media":0,"comment_status":"open","ping_status":"open","sticky":false,"template":"","format":"standard","meta":{"footnotes":"","_links_to":"","_links_to_target":""},"categories":[11],"tags":[741,1434,3835],"class_list":["post-1075","post","type-post","status-publish","format-standard","hentry","category-internet-co","tag-bundestag","tag-ehrlich","tag-petition"],"_links":{"self":[{"href":"https:\/\/www.gruen-wald.de\/wordpress\/wp-json\/wp\/v2\/posts\/1075"}],"collection":[{"href":"https:\/\/www.gruen-wald.de\/wordpress\/wp-json\/wp\/v2\/posts"}],"about":[{"href":"https:\/\/www.gruen-wald.de\/wordpress\/wp-json\/wp\/v2\/types\/post"}],"author":[{"embeddable":true,"href":"https:\/\/www.gruen-wald.de\/wordpress\/wp-json\/wp\/v2\/users\/1"}],"replies":[{"embeddable":true,"href":"https:\/\/www.gruen-wald.de\/wordpress\/wp-json\/wp\/v2\/comments?post=1075"}],"version-history":[{"count":0,"href":"https:\/\/www.gruen-wald.de\/wordpress\/wp-json\/wp\/v2\/posts\/1075\/revisions"}],"wp:attachment":[{"href":"https:\/\/www.gruen-wald.de\/wordpress\/wp-json\/wp\/v2\/media?parent=1075"}],"wp:term":[{"taxonomy":"category","embeddable":true,"href":"https:\/\/www.gruen-wald.de\/wordpress\/wp-json\/wp\/v2\/categories?post=1075"},{"taxonomy":"post_tag","embeddable":true,"href":"https:\/\/www.gruen-wald.de\/wordpress\/wp-json\/wp\/v2\/tags?post=1075"}],"curies":[{"name":"wp","href":"https:\/\/api.w.org\/{rel}","templated":true}]}}