{"id":1074,"date":"2008-07-16T00:00:00","date_gmt":"2008-07-15T23:00:00","guid":{"rendered":"http:\/\/www.coaster.de\/wp\/?p=1074"},"modified":"2008-07-16T00:00:00","modified_gmt":"2008-07-15T23:00:00","slug":"demokratie-kostet-enifach-zu-viel-geld","status":"publish","type":"post","link":"https:\/\/www.gruen-wald.de\/wordpress\/medien\/demokratie-kostet-enifach-zu-viel-geld\/","title":{"rendered":"Demokratie kostet enifach zu viel Geld!"},"content":{"rendered":"<p>Gestern nacht habe ich mir die Impeachment-Pr\u00e4sentation gegen George W. Bush angeh\u00f6rt. Unter Impeachment versteht man eine Anklage wegen Amtsvergehen. Es ist ein in der Verfassung der Vereinigten Staaten (Artikel II, Abschnitt 4) vorgesehenes Verfahren zur Amtsenthebung des Pr\u00e4sidenten , wenn diese \u201edes Landesverrats, der Bestechung oder anderer schwerer Verbrechen und Vergehen f\u00fcr schuldig befunden worden sind\u201c. Das letzte gro\u00dfe Impeachment war gegen Bill Clinton. Das &#8218;gro\u00dfe Verbrechen&#8216; dort war Oralsex. Gott sei Dank bin ich kein Pr\u00e4sident. Eigentlich g\u00e4be es tausende von Gr\u00fcnden, auch den Double-U zu impeachen. Es gibt sogar zig stichfeste Beweise, die nicht nur auf Verbrechen sondern auch auf Landesverrat lauten k\u00f6nnten. Der einzige Repr\u00e4sentant, der hier den Arsch in der Hose hat ist <a href=http:\/\/www.kucinich.us\/>Dennis Kucinich<\/a>. Tats\u00e4chlich hatte er Pr\u00e4sident Bush einer ganzen Reihe an Verbrechen angeklagt. Am Freitag gab es die Anh\u00f6rung. Mit dabei war auch Anwalt Vincent Bugliosi, der bereits Charles Manson hinter Gitter brachte. Aktuell strebt auch er eine Verurteilung von George W. Bush an. Wegen Massenmordes. Die Beweisf\u00fchrung ist einfach: Wenn bewiesen werden kann, dass der Pr\u00e4sident beim Krieg gegen den Irak gelogen hat, w\u00e4re der Krieg unrechtm\u00e4\u00dfig &#8211; und w\u00e4re damit f\u00fcr die dadurch entstandenen Todesopfer verantwortlich. Mehr noch m\u00fcsste er sich auch f\u00fcr das &#8218;T\u00f6ten im Auftrag&#8216; rechtfertigen. Die Gesetzeslage ist dort laut Bugliosi ziemlich eindeutig. Die Beweisf\u00fchrung der &#8218;L\u00fcge&#8216; ist eigentlich bereits mehrfach erbracht. Bugliosi hat w\u00e4hrend der Verhandlung gleich ein paar <a href=http:\/\/www.youtube.com\/watch?v=DAHJVk5-V_g>neue interessante Punkte platzen lassen<\/a>. Die Medien machten dagegen bisher hier immer genau das pure Gegenteil von dem, was sie bei Bill Clinton gemacht hatten: Sie schwiegen es tot. Heute musste CNN aber dann scheinbar doch \u00fcber den Vorgang berichten &#8211; zu popul\u00e4r wurde die Sitzung, zu eindeutig die Anschuldigungen gegen\u00fcber den Pr\u00e4sidenten. Eigentlich hatte ich CNN bisher immer eine leicht reduzierte Propaganda-Erscheinung attestiert &#8211; aber mittlerweile schwimmen die in der Gleichschaltungs-Meinungsmache voll mit. Diese &#8218;objektive&#8216; Berichterstattung eines einst seri\u00f6sen(?) Nachrichtensenders ist ja nicht mal eines FoxNews w\u00fcrdig. Schande \u00fcber Euch! Allein die Tatsache, ein freiheitlich-demokratisches Recht (n\u00e4mlich das &#8218;Impeachment&#8216;), besser noch, eine ethisch-menschliche Pflicht, als &#8218;Verschwendung von Steuergeldern&#8216; l\u00e4cherlich zu machen, find ich schon eine ziemliche Frechheit. Von dem irref\u00fchrenden Zusammenschnitt und den falschen Bezeichnungen m\u00f6cht ich garnich erst sprechen.<\/p>\n<p align=center><object width='425' height='344'><param name='movie' value='http:\/\/www.youtube.com\/v\/bzx6ttmbTbs&#038;hl=en&#038;fs=1'><\/param><param name='allowFullScreen' value='true'><\/param><embed src='http:\/\/www.youtube.com\/v\/bzx6ttmbTbs&#038;hl=en&#038;fs=1' type='application\/x-shockwave-flash' allowfullscreen='true' width='425' height='344'><\/embed><\/object><\/p>\n<p class=itemText>Also gebt ruhig weiterhin die Steuergelder f\u00fcr utopische Kriege und Oralsex aus&#8230; was bin ich froh, dass ich seit Dezember keinen Fernseher mehr habe. Mein Herz w\u00fcrde das auf Dauer nicht mitmachen.<\/p>\n","protected":false},"excerpt":{"rendered":"<p>Gestern nacht habe ich mir die Impeachment-Pr\u00e4sentation gegen George W. Bush angeh\u00f6rt. Unter Impeachment versteht man eine Anklage wegen Amtsvergehen.&hellip;<\/p>\n","protected":false},"author":1,"featured_media":0,"comment_status":"open","ping_status":"open","sticky":false,"template":"","format":"standard","meta":{"footnotes":"","_links_to":"","_links_to_target":""},"categories":[12],"tags":[828,1177,1992,2458,5294],"class_list":["post-1074","post","type-post","status-publish","format-standard","hentry","category-medien","tag-charles-manson","tag-dennis-kucinich","tag-george-w-bush","tag-impeachment-war","tag-vincent-bugliosi"],"_links":{"self":[{"href":"https:\/\/www.gruen-wald.de\/wordpress\/wp-json\/wp\/v2\/posts\/1074"}],"collection":[{"href":"https:\/\/www.gruen-wald.de\/wordpress\/wp-json\/wp\/v2\/posts"}],"about":[{"href":"https:\/\/www.gruen-wald.de\/wordpress\/wp-json\/wp\/v2\/types\/post"}],"author":[{"embeddable":true,"href":"https:\/\/www.gruen-wald.de\/wordpress\/wp-json\/wp\/v2\/users\/1"}],"replies":[{"embeddable":true,"href":"https:\/\/www.gruen-wald.de\/wordpress\/wp-json\/wp\/v2\/comments?post=1074"}],"version-history":[{"count":0,"href":"https:\/\/www.gruen-wald.de\/wordpress\/wp-json\/wp\/v2\/posts\/1074\/revisions"}],"wp:attachment":[{"href":"https:\/\/www.gruen-wald.de\/wordpress\/wp-json\/wp\/v2\/media?parent=1074"}],"wp:term":[{"taxonomy":"category","embeddable":true,"href":"https:\/\/www.gruen-wald.de\/wordpress\/wp-json\/wp\/v2\/categories?post=1074"},{"taxonomy":"post_tag","embeddable":true,"href":"https:\/\/www.gruen-wald.de\/wordpress\/wp-json\/wp\/v2\/tags?post=1074"}],"curies":[{"name":"wp","href":"https:\/\/api.w.org\/{rel}","templated":true}]}}