{"id":1072,"date":"2008-07-14T00:00:00","date_gmt":"2008-07-13T23:00:00","guid":{"rendered":"http:\/\/www.coaster.de\/wp\/?p=1072"},"modified":"2008-07-14T00:00:00","modified_gmt":"2008-07-13T23:00:00","slug":"eu-ermachtigungsgesetz","status":"publish","type":"post","link":"https:\/\/www.gruen-wald.de\/wordpress\/notiz\/eu-ermachtigungsgesetz\/","title":{"rendered":"EU-Erm\u00e4chtigungsgesetz?"},"content":{"rendered":"<p>Professor Karl Albrecht Schachtschneider ist einer der ganz wenigen, welcher den EU-Vertrag von Lissabon wirklich komplett gelesen und analyisiert hat. Er kommt zu dem Schluss: <i>Diese Erm\u00e4chtigung ist eine grenzenlose Entdemokratisierung, die das Bundesverfassungsgericht nicht akzeptieren darf. Sonst haben wir Verh\u00e4ltnisse, die mit der demokratischen Kultur der europ\u00e4ischen V\u00f6lker nichts mehr zu tun haben.<\/i> Ich gebe zu &#8211; ich habe die EU-Verfassung selbst noch nicht mal ansatzweise komplett gelesen. Aber das, was ich davon kenne, erscheint fast wie eine 1:1 Umsetzung der Entdemokratisierungs-Prinzipien der USA. Nachtigall ich h\u00f6r Dir trapsen. Ei, bin ich wieder pessimistisch die letzten Tage, was? Es f\u00e4llt aber auch schwer momentan, oder? <a href=http:\/\/www.heise.de\/tp\/r4\/artikel\/28\/28372\/1.html>Mehr&#8230;<\/a><\/p>\n","protected":false},"excerpt":{"rendered":"<p>Professor Karl Albrecht Schachtschneider ist einer der ganz wenigen, welcher den EU-Vertrag von Lissabon wirklich komplett gelesen und analyisiert hat.&hellip;<\/p>\n","protected":false},"author":1,"featured_media":0,"comment_status":"open","ping_status":"open","sticky":false,"template":"","format":"standard","meta":{"footnotes":"","_links_to":"","_links_to_target":""},"categories":[13],"tags":[],"class_list":["post-1072","post","type-post","status-publish","format-standard","hentry","category-notiz"],"_links":{"self":[{"href":"https:\/\/www.gruen-wald.de\/wordpress\/wp-json\/wp\/v2\/posts\/1072"}],"collection":[{"href":"https:\/\/www.gruen-wald.de\/wordpress\/wp-json\/wp\/v2\/posts"}],"about":[{"href":"https:\/\/www.gruen-wald.de\/wordpress\/wp-json\/wp\/v2\/types\/post"}],"author":[{"embeddable":true,"href":"https:\/\/www.gruen-wald.de\/wordpress\/wp-json\/wp\/v2\/users\/1"}],"replies":[{"embeddable":true,"href":"https:\/\/www.gruen-wald.de\/wordpress\/wp-json\/wp\/v2\/comments?post=1072"}],"version-history":[{"count":0,"href":"https:\/\/www.gruen-wald.de\/wordpress\/wp-json\/wp\/v2\/posts\/1072\/revisions"}],"wp:attachment":[{"href":"https:\/\/www.gruen-wald.de\/wordpress\/wp-json\/wp\/v2\/media?parent=1072"}],"wp:term":[{"taxonomy":"category","embeddable":true,"href":"https:\/\/www.gruen-wald.de\/wordpress\/wp-json\/wp\/v2\/categories?post=1072"},{"taxonomy":"post_tag","embeddable":true,"href":"https:\/\/www.gruen-wald.de\/wordpress\/wp-json\/wp\/v2\/tags?post=1072"}],"curies":[{"name":"wp","href":"https:\/\/api.w.org\/{rel}","templated":true}]}}