{"id":1026,"date":"2008-05-29T00:00:00","date_gmt":"2008-05-28T23:00:00","guid":{"rendered":"http:\/\/www.coaster.de\/wp\/?p=1026"},"modified":"2008-05-29T00:00:00","modified_gmt":"2008-05-28T23:00:00","slug":"mehr-uwe","status":"publish","type":"post","link":"https:\/\/www.gruen-wald.de\/wordpress\/fotos\/mehr-uwe\/","title":{"rendered":"Mehr Uwe!"},"content":{"rendered":"<p>Vielen Dank an DasJan f\u00fcr die technische Unterst\u00fctzung und viele gelungene Fotos eines gelungenen Interview-Ausfluges. Hier gleich ein paar Eindr\u00fccke. Alle Fotos gibt&#8217;s in der <a href='\/modules\/myalbum\/viewcat.php?num=42&#038;cid=53'>Foto Galerie<\/a>. Was bleibt zu sagen? Ein unglaublich netter, unkomplizierter, netter Typ, dieser Boll. Hab ich schon mal gesagt, dass ich ihn mag? Ich mag ihn! ,-) Ich glaube, dass war nicht meine letzte Begegnung mit Boll. \ud83d\ude42<\/p>\n<p align=center> -more to come- <img src='\/uploads\/photos\/1368.jpg' width=500px> <img src='\/uploads\/photos\/1364.jpg' width=500px> <img src='\/uploads\/photos\/1361.jpg' width=500px> <\/p>\n","protected":false},"excerpt":{"rendered":"<p>Vielen Dank an DasJan f\u00fcr die technische Unterst\u00fctzung und viele gelungene Fotos eines gelungenen Interview-Ausfluges. Hier gleich ein paar Eindr\u00fccke.&hellip;<\/p>\n","protected":false},"author":1,"featured_media":0,"comment_status":"open","ping_status":"open","sticky":false,"template":"","format":"standard","meta":{"footnotes":"","_links_to":"","_links_to_target":""},"categories":[8],"tags":[],"class_list":["post-1026","post","type-post","status-publish","format-standard","hentry","category-fotos"],"_links":{"self":[{"href":"https:\/\/www.gruen-wald.de\/wordpress\/wp-json\/wp\/v2\/posts\/1026","targetHints":{"allow":["GET"]}}],"collection":[{"href":"https:\/\/www.gruen-wald.de\/wordpress\/wp-json\/wp\/v2\/posts"}],"about":[{"href":"https:\/\/www.gruen-wald.de\/wordpress\/wp-json\/wp\/v2\/types\/post"}],"author":[{"embeddable":true,"href":"https:\/\/www.gruen-wald.de\/wordpress\/wp-json\/wp\/v2\/users\/1"}],"replies":[{"embeddable":true,"href":"https:\/\/www.gruen-wald.de\/wordpress\/wp-json\/wp\/v2\/comments?post=1026"}],"version-history":[{"count":0,"href":"https:\/\/www.gruen-wald.de\/wordpress\/wp-json\/wp\/v2\/posts\/1026\/revisions"}],"wp:attachment":[{"href":"https:\/\/www.gruen-wald.de\/wordpress\/wp-json\/wp\/v2\/media?parent=1026"}],"wp:term":[{"taxonomy":"category","embeddable":true,"href":"https:\/\/www.gruen-wald.de\/wordpress\/wp-json\/wp\/v2\/categories?post=1026"},{"taxonomy":"post_tag","embeddable":true,"href":"https:\/\/www.gruen-wald.de\/wordpress\/wp-json\/wp\/v2\/tags?post=1026"}],"curies":[{"name":"wp","href":"https:\/\/api.w.org\/{rel}","templated":true}]}}